{"id":12723,"date":"2025-04-30T01:30:46","date_gmt":"2025-04-29T23:30:46","guid":{"rendered":"https:\/\/pasaenmendoza.com\/?p=12723"},"modified":"2025-04-30T01:30:47","modified_gmt":"2025-04-29T23:30:47","slug":"casi-todos-los-duenos-de-comercios-del-centro-acordaron-abrir-el-viernes-2-de-mayo","status":"publish","type":"post","link":"https:\/\/pasaenmendoza.com\/?p=12723","title":{"rendered":"Casi todos los due\u00f1os de comercios del centro acordaron abrir el viernes 2 de mayo"},"content":{"rendered":"\n<p>Mientras el 1 de mayo todos los\u00a0<strong>comercios\u00a0<\/strong>del centro de Mendoza permanecer\u00e1n cerrados por el feriado del\u00a0<strong>D\u00eda del Trabajador<\/strong>, el 2 de mayo, fecha que fue declarada no laborable, el 95% de los\u00a0<strong>comerciantes<\/strong>\u00a0decidi\u00f3 abrir las puertas de sus locales. En tanto el 5% restante abrir\u00e1 \u00fanicamente medio d\u00eda.<\/p>\n\n\n\n<p>As\u00ed lo explic\u00f3 el representante de la C\u00e1mara Empresaria de Comercio, Turismo, Industria y Servicios de la ciudad de Mendoza (Cecitys), Adri\u00e1n Al\u00edn, quien agreg\u00f3 que el cierre del\u00a0<strong>feriado<\/strong>\u00a0por el<strong>\u00a0D\u00eda del Trabajador<\/strong>, alcanza a h\u00edper y supermercados y centros comerciales de la provincia.<\/p>\n\n\n\n<h2 class=\"wp-block-heading\">Ca\u00edda de las ventas en comercios minoristas y disminuci\u00f3n del turismo chileno<\/h2>\n\n\n\n<p>La determinaci\u00f3n de abrir el 2 de mayo y no convertir la jornada en un d\u00eda puente -sobre todo para incentivar el turismo- tiene que ver con la ca\u00edda en las ventas que los comerciantes minoristas han experimentado en los \u00faltimos meses, manifestaron desde el sector.<\/p>\n\n\n\n<p>Desde la entidad aprovecharon tambi\u00e9n para reconocer la dif\u00edcil situaci\u00f3n que atraviesa el comercio mendocino. Seg\u00fan explicaron,&nbsp;<strong>la ca\u00edda en las ventas minoristas&nbsp;<\/strong>se ha profundizado en los \u00faltimos meses, en gran parte debido a&nbsp;<strong>la fuerte disminuci\u00f3n del turismo proveniente de Chile<\/strong>, que hist\u00f3ricamente dinamizaba el consumo en el centro mendocino.<\/p>\n\n\n\n<p>Si bien la situaci\u00f3n es compleja, la Cecitys apoya a los trabajadores de&nbsp;<strong>comercio<\/strong>&nbsp;en la celebraci\u00f3n de esta fecha.<\/p>\n\n\n\n<p>\u201cQueremos aprovechar para agradecer y valorar el esfuerzo de todos los trabajadores que, a\u00fan en este contexto, siguen aportando a la actividad econ\u00f3mica de Mendoza\u201d, concluyeron desde la c\u00e1mara representante de los propietarios de\u00a0<strong>comercios\u00a0<\/strong>en el comunicado.<\/p>\n\n\n\n<p><strong>Fuente: www.diariouno.com.ar<\/strong><\/p>\n","protected":false},"excerpt":{"rendered":"<p>Mientras el 1 de mayo todos los\u00a0comercios\u00a0del centro de Mendoza permanecer\u00e1n cerrados por el feriado del\u00a0D\u00eda del Trabajador, el 2 de mayo, fecha que fue declarada no laborable, el 95% de los\u00a0comerciantes\u00a0decidi\u00f3 abrir las puertas de sus locales. En tanto el 5% restante abrir\u00e1 \u00fanicamente medio d\u00eda. As\u00ed lo explic\u00f3 el representante de la C\u00e1mara [&hellip;]<\/p>\n","protected":false},"author":2,"featured_media":12724,"comment_status":"open","ping_status":"open","sticky":false,"template":"","format":"standard","meta":[],"categories":[112],"tags":[],"_links":{"self":[{"href":"https:\/\/pasaenmendoza.com\/index.php?rest_route=\/wp\/v2\/posts\/12723"}],"collection":[{"href":"https:\/\/pasaenmendoza.com\/index.php?rest_route=\/wp\/v2\/posts"}],"about":[{"href":"https:\/\/pasaenmendoza.com\/index.php?rest_route=\/wp\/v2\/types\/post"}],"author":[{"embeddable":true,"href":"https:\/\/pasaenmendoza.com\/index.php?rest_route=\/wp\/v2\/users\/2"}],"replies":[{"embeddable":true,"href":"https:\/\/pasaenmendoza.com\/index.php?rest_route=%2Fwp%2Fv2%2Fcomments&post=12723"}],"version-history":[{"count":1,"href":"https:\/\/pasaenmendoza.com\/index.php?rest_route=\/wp\/v2\/posts\/12723\/revisions"}],"predecessor-version":[{"id":12725,"href":"https:\/\/pasaenmendoza.com\/index.php?rest_route=\/wp\/v2\/posts\/12723\/revisions\/12725"}],"wp:featuredmedia":[{"embeddable":true,"href":"https:\/\/pasaenmendoza.com\/index.php?rest_route=\/wp\/v2\/media\/12724"}],"wp:attachment":[{"href":"https:\/\/pasaenmendoza.com\/index.php?rest_route=%2Fwp%2Fv2%2Fmedia&parent=12723"}],"wp:term":[{"taxonomy":"category","embeddable":true,"href":"https:\/\/pasaenmendoza.com\/index.php?rest_route=%2Fwp%2Fv2%2Fcategories&post=12723"},{"taxonomy":"post_tag","embeddable":true,"href":"https:\/\/pasaenmendoza.com\/index.php?rest_route=%2Fwp%2Fv2%2Ftags&post=12723"}],"curies":[{"name":"wp","href":"https:\/\/api.w.org\/{rel}","templated":true}]}}