{"id":12733,"date":"2025-04-30T17:10:08","date_gmt":"2025-04-30T15:10:08","guid":{"rendered":"https:\/\/pasaenmendoza.com\/?p=12733"},"modified":"2025-04-30T17:10:09","modified_gmt":"2025-04-30T15:10:09","slug":"echaron-a-una-empleada-del-lagomaggiore-que-dejo-de-ir-a-trabajar","status":"publish","type":"post","link":"https:\/\/pasaenmendoza.com\/?p=12733","title":{"rendered":"Echaron a una empleada del Lagomaggiore que dej\u00f3 de ir a trabajar"},"content":{"rendered":"\n<p>&nbsp;Un decreto del Gobierno de Mendoza ratific\u00f3 el despido de una empleada del&nbsp;<strong>Hospital Lagomaggiore&nbsp;<\/strong>que fue echada por abandono de servicio. Seg\u00fan indica el texto dado a conocer este mi\u00e9rcoles en el Bolet\u00edn Oficial, la mujer ten\u00eda licencia m\u00e9dica, pero al finalizar la misma nunca se reincorpor\u00f3 a su trabajo.<\/p>\n\n\n\n<p>Se trata de&nbsp;<strong>Claudia Gabriela Dom\u00ednguez<\/strong>, quien se desempe\u00f1aba en Servicios Generales del nosocomio.&nbsp;<\/p>\n\n\n\n<p>El largo proceso hasta la sanci\u00f3n de cesant\u00eda comenz\u00f3 a fines de 2022. La entonces empleada ten\u00eda permiso m\u00e9dico para faltar hasta el 28 de septiembre de ese a\u00f1o. Sin embargo, el portero del hospital inform\u00f3 que desde ese d\u00eda no se la volvi\u00f3 a ver.<\/p>\n\n\n\n<p>Ante esa situaci\u00f3n, en noviembre de ese a\u00f1o la Subdirecci\u00f3n de Recursos Humanos del nosocomio pidi\u00f3 la suspensi\u00f3n preventiva del sueldo de la mujer.<\/p>\n\n\n\n<p>De acuerdo a la resoluci\u00f3n firmada por la Direcci\u00f3n del Hospital Lagomaggiore, Dom\u00ednguez no hab\u00eda avisado previamente que iba a faltar, y no justific\u00f3 las ausencias.\u00a0<\/p>\n\n\n\n<p>El 11 de noviembre de 2022 le abrieron un sumario administrativo por\u00a0<strong>abandono de servicio<\/strong>. La citaron y notificaron, pero nunca present\u00f3 ning\u00fan descargo legal ni hizo ejercicio de su derecho de defensa, por lo que el proceso sigui\u00f3 su curso.<\/p>\n\n\n\n<p>A fines de 2023 el hospital resolvi\u00f3 echarla. Finalmente, este mi\u00e9rcoles sali\u00f3 publicada la ratificaci\u00f3n de esa decisi\u00f3n. Adem\u00e1s, el caso fue notificado a la Oficina de Investigaciones Administrativas y \u00c9tica P\u00fablica.<\/p>\n\n\n\n<p><strong>Fuente: www.mendozapost.com<\/strong><\/p>\n","protected":false},"excerpt":{"rendered":"<p>&nbsp;Un decreto del Gobierno de Mendoza ratific\u00f3 el despido de una empleada del&nbsp;Hospital Lagomaggiore&nbsp;que fue echada por abandono de servicio. Seg\u00fan indica el texto dado a conocer este mi\u00e9rcoles en el Bolet\u00edn Oficial, la mujer ten\u00eda licencia m\u00e9dica, pero al finalizar la misma nunca se reincorpor\u00f3 a su trabajo. Se trata de&nbsp;Claudia Gabriela Dom\u00ednguez, quien [&hellip;]<\/p>\n","protected":false},"author":2,"featured_media":12734,"comment_status":"open","ping_status":"open","sticky":false,"template":"","format":"standard","meta":[],"categories":[50],"tags":[],"_links":{"self":[{"href":"https:\/\/pasaenmendoza.com\/index.php?rest_route=\/wp\/v2\/posts\/12733"}],"collection":[{"href":"https:\/\/pasaenmendoza.com\/index.php?rest_route=\/wp\/v2\/posts"}],"about":[{"href":"https:\/\/pasaenmendoza.com\/index.php?rest_route=\/wp\/v2\/types\/post"}],"author":[{"embeddable":true,"href":"https:\/\/pasaenmendoza.com\/index.php?rest_route=\/wp\/v2\/users\/2"}],"replies":[{"embeddable":true,"href":"https:\/\/pasaenmendoza.com\/index.php?rest_route=%2Fwp%2Fv2%2Fcomments&post=12733"}],"version-history":[{"count":1,"href":"https:\/\/pasaenmendoza.com\/index.php?rest_route=\/wp\/v2\/posts\/12733\/revisions"}],"predecessor-version":[{"id":12735,"href":"https:\/\/pasaenmendoza.com\/index.php?rest_route=\/wp\/v2\/posts\/12733\/revisions\/12735"}],"wp:featuredmedia":[{"embeddable":true,"href":"https:\/\/pasaenmendoza.com\/index.php?rest_route=\/wp\/v2\/media\/12734"}],"wp:attachment":[{"href":"https:\/\/pasaenmendoza.com\/index.php?rest_route=%2Fwp%2Fv2%2Fmedia&parent=12733"}],"wp:term":[{"taxonomy":"category","embeddable":true,"href":"https:\/\/pasaenmendoza.com\/index.php?rest_route=%2Fwp%2Fv2%2Fcategories&post=12733"},{"taxonomy":"post_tag","embeddable":true,"href":"https:\/\/pasaenmendoza.com\/index.php?rest_route=%2Fwp%2Fv2%2Ftags&post=12733"}],"curies":[{"name":"wp","href":"https:\/\/api.w.org\/{rel}","templated":true}]}}