{"id":12736,"date":"2025-04-30T17:15:51","date_gmt":"2025-04-30T15:15:51","guid":{"rendered":"https:\/\/pasaenmendoza.com\/?p=12736"},"modified":"2025-04-30T17:15:52","modified_gmt":"2025-04-30T15:15:52","slug":"fuerte-choque-entre-un-auto-y-una-moto-en-godoy-cruz","status":"publish","type":"post","link":"https:\/\/pasaenmendoza.com\/?p=12736","title":{"rendered":"Fuerte choque entre un auto y una moto en Godoy Cruz"},"content":{"rendered":"\n<p>Durante la ma\u00f1ana de este mi\u00e9rcoles, una&nbsp;<strong>moto y un auto<\/strong>&nbsp;protagonizaron un fuerte accidente en el departamento de<strong>&nbsp;Godoy Cruz.<\/strong><\/p>\n\n\n\n<p>El choque se dio en calle Los Aguaribay, entre Salvador Arias y Salvador Civit del mencionado departamento.<\/p>\n\n\n\n<p>En la\u00a0<strong>motocicleta<\/strong>\u00a0circulaba una mujer con un ni\u00f1o, que impact\u00f3 directamente con un veh\u00edculo.<\/p>\n\n\n\n<p>Tuvo que intervenir el Servicio Coordinado de Emergencias para atender a la mujer y al ni\u00f1o producto de las lesiones tras la colisi\u00f3n.<\/p>\n\n\n\n<p><strong>Fuente: www.elsol.com.ar<\/strong><\/p>\n","protected":false},"excerpt":{"rendered":"<p>Durante la ma\u00f1ana de este mi\u00e9rcoles, una&nbsp;moto y un auto&nbsp;protagonizaron un fuerte accidente en el departamento de&nbsp;Godoy Cruz. El choque se dio en calle Los Aguaribay, entre Salvador Arias y Salvador Civit del mencionado departamento. En la\u00a0motocicleta\u00a0circulaba una mujer con un ni\u00f1o, que impact\u00f3 directamente con un veh\u00edculo. Tuvo que intervenir el Servicio Coordinado de [&hellip;]<\/p>\n","protected":false},"author":2,"featured_media":12737,"comment_status":"open","ping_status":"open","sticky":false,"template":"","format":"standard","meta":[],"categories":[48],"tags":[],"_links":{"self":[{"href":"https:\/\/pasaenmendoza.com\/index.php?rest_route=\/wp\/v2\/posts\/12736"}],"collection":[{"href":"https:\/\/pasaenmendoza.com\/index.php?rest_route=\/wp\/v2\/posts"}],"about":[{"href":"https:\/\/pasaenmendoza.com\/index.php?rest_route=\/wp\/v2\/types\/post"}],"author":[{"embeddable":true,"href":"https:\/\/pasaenmendoza.com\/index.php?rest_route=\/wp\/v2\/users\/2"}],"replies":[{"embeddable":true,"href":"https:\/\/pasaenmendoza.com\/index.php?rest_route=%2Fwp%2Fv2%2Fcomments&post=12736"}],"version-history":[{"count":1,"href":"https:\/\/pasaenmendoza.com\/index.php?rest_route=\/wp\/v2\/posts\/12736\/revisions"}],"predecessor-version":[{"id":12738,"href":"https:\/\/pasaenmendoza.com\/index.php?rest_route=\/wp\/v2\/posts\/12736\/revisions\/12738"}],"wp:featuredmedia":[{"embeddable":true,"href":"https:\/\/pasaenmendoza.com\/index.php?rest_route=\/wp\/v2\/media\/12737"}],"wp:attachment":[{"href":"https:\/\/pasaenmendoza.com\/index.php?rest_route=%2Fwp%2Fv2%2Fmedia&parent=12736"}],"wp:term":[{"taxonomy":"category","embeddable":true,"href":"https:\/\/pasaenmendoza.com\/index.php?rest_route=%2Fwp%2Fv2%2Fcategories&post=12736"},{"taxonomy":"post_tag","embeddable":true,"href":"https:\/\/pasaenmendoza.com\/index.php?rest_route=%2Fwp%2Fv2%2Ftags&post=12736"}],"curies":[{"name":"wp","href":"https:\/\/api.w.org\/{rel}","templated":true}]}}