{"id":12739,"date":"2025-05-01T01:55:08","date_gmt":"2025-04-30T23:55:08","guid":{"rendered":"https:\/\/pasaenmendoza.com\/?p=12739"},"modified":"2025-05-01T01:55:09","modified_gmt":"2025-04-30T23:55:09","slug":"los-empleados-de-comercio-acordaron-un-aumento-salarial-y-el-sueldo-inicial-sera-de-1-123-000","status":"publish","type":"post","link":"https:\/\/pasaenmendoza.com\/?p=12739","title":{"rendered":"Los empleados de comercio acordaron un aumento salarial y el sueldo inicial ser\u00e1 de $1.123.000"},"content":{"rendered":"\n<p>La<strong>\u00a0Federaci\u00f3n Argentina de Empleados de Comercio y Servicios (FAECYS),\u00a0<\/strong>junto a la C\u00e1mara Argentina de\u00a0<strong>Comercio\u00a0<\/strong>(CAC), la Confederaci\u00f3n Argentina de la Mediana Empresa (CAME) y la Uni\u00f3n de Entidades Comerciales (UDECA), firmaron un nuevo acuerdo paritario correspondiente a los meses de\u00a0<strong>abril, mayo y junio<\/strong>, en el marco de la paritaria anual 2024\/2025.<\/p>\n\n\n\n<p>Con esta nueva actualizaci\u00f3n, el&nbsp;<strong>salario inicial<\/strong>&nbsp;de los trabajadores de comercio con presentismo alcanzar\u00e1 la suma de $<strong>1.123.000<\/strong>. El acuerdo establece un aumento salarial del&nbsp;<strong>5,4% acumulativo<\/strong>, distribuido en tres tramos mensuales: 1,9% en abril, 1,8% en mayo y 1,7% en junio.<\/p>\n\n\n\n<p>Adem\u00e1s, se acordaron\u00a0<strong>sumas fijas\u00a0<\/strong>por un total de $115.000, a abonarse en cuotas de $35.000, $40.000 y $40.000, respectivamente. Esta \u00faltima se incorporar\u00e1 a los b\u00e1sicos en el mes de julio. Estos incrementos se suman al aumento ya pactado para el primer trimestre del a\u00f1o (enero, febrero y marzo), que consisti\u00f3 en un\u00a0<strong>5,1% acumulativo,<\/strong>\u00a0distribuido en subas del 1,7% mensual.<\/p>\n\n\n\n<p>Al respecto, el secretario general de FAECYS,&nbsp;<strong>Armando Cavalieri<\/strong>, expres\u00f3: \u201cNuestro objetivo es sostener el poder adquisitivo del salario ante una<strong>&nbsp;inflaci\u00f3n&nbsp;<\/strong>que a\u00fan persiste. Este&nbsp;<strong>acuerdo&nbsp;<\/strong>es parte de un monitoreo constante que realizamos para proteger el ingreso de las familias trabajadoras\u201d.<\/p>\n\n\n\n<p>Y agreg\u00f3: \u201cEstamos siguiendo de cerca la situaci\u00f3n del\u00a0<strong>empleo<\/strong>\u00a0formal en el sector, ya que vemos con preocupaci\u00f3n algunas se\u00f1ales de desaceleraci\u00f3n\u201d.<\/p>\n\n\n\n<p><strong>Fuente: www.diariouno.com.ar<\/strong><\/p>\n","protected":false},"excerpt":{"rendered":"<p>La\u00a0Federaci\u00f3n Argentina de Empleados de Comercio y Servicios (FAECYS),\u00a0junto a la C\u00e1mara Argentina de\u00a0Comercio\u00a0(CAC), la Confederaci\u00f3n Argentina de la Mediana Empresa (CAME) y la Uni\u00f3n de Entidades Comerciales (UDECA), firmaron un nuevo acuerdo paritario correspondiente a los meses de\u00a0abril, mayo y junio, en el marco de la paritaria anual 2024\/2025. Con esta nueva actualizaci\u00f3n, el&nbsp;salario [&hellip;]<\/p>\n","protected":false},"author":2,"featured_media":12740,"comment_status":"open","ping_status":"open","sticky":false,"template":"","format":"standard","meta":[],"categories":[112],"tags":[],"_links":{"self":[{"href":"https:\/\/pasaenmendoza.com\/index.php?rest_route=\/wp\/v2\/posts\/12739"}],"collection":[{"href":"https:\/\/pasaenmendoza.com\/index.php?rest_route=\/wp\/v2\/posts"}],"about":[{"href":"https:\/\/pasaenmendoza.com\/index.php?rest_route=\/wp\/v2\/types\/post"}],"author":[{"embeddable":true,"href":"https:\/\/pasaenmendoza.com\/index.php?rest_route=\/wp\/v2\/users\/2"}],"replies":[{"embeddable":true,"href":"https:\/\/pasaenmendoza.com\/index.php?rest_route=%2Fwp%2Fv2%2Fcomments&post=12739"}],"version-history":[{"count":1,"href":"https:\/\/pasaenmendoza.com\/index.php?rest_route=\/wp\/v2\/posts\/12739\/revisions"}],"predecessor-version":[{"id":12741,"href":"https:\/\/pasaenmendoza.com\/index.php?rest_route=\/wp\/v2\/posts\/12739\/revisions\/12741"}],"wp:featuredmedia":[{"embeddable":true,"href":"https:\/\/pasaenmendoza.com\/index.php?rest_route=\/wp\/v2\/media\/12740"}],"wp:attachment":[{"href":"https:\/\/pasaenmendoza.com\/index.php?rest_route=%2Fwp%2Fv2%2Fmedia&parent=12739"}],"wp:term":[{"taxonomy":"category","embeddable":true,"href":"https:\/\/pasaenmendoza.com\/index.php?rest_route=%2Fwp%2Fv2%2Fcategories&post=12739"},{"taxonomy":"post_tag","embeddable":true,"href":"https:\/\/pasaenmendoza.com\/index.php?rest_route=%2Fwp%2Fv2%2Ftags&post=12739"}],"curies":[{"name":"wp","href":"https:\/\/api.w.org\/{rel}","templated":true}]}}