{"id":12745,"date":"2025-05-01T02:03:16","date_gmt":"2025-05-01T00:03:16","guid":{"rendered":"https:\/\/pasaenmendoza.com\/?p=12745"},"modified":"2025-05-01T02:03:17","modified_gmt":"2025-05-01T00:03:17","slug":"cacho-garay-fue-liberado-tras-casi-dos-anos-de-estar-detenido-por-violencia-de-genero","status":"publish","type":"post","link":"https:\/\/pasaenmendoza.com\/?p=12745","title":{"rendered":"Cacho Garay fue liberado tras casi dos a\u00f1os de estar detenido por violencia de g\u00e9nero"},"content":{"rendered":"\n<p>Desde hace varios meses se vienen realizando decenas de audiencias en el marco de la causa contra<strong>\u00a0Juan\u00a0<em>Cacho<\/em>\u00a0Garay<\/strong>\u00a0(70) en busca de definir dos cuestiones vitales: si contin\u00faa detenido y si debe ser juzgado por\u00a0<strong>violencia de g\u00e9nero<\/strong>\u00a0y\u00a0<strong>abuso sexual<\/strong>\u00a0contra su expareja. El primero de esos puntos se resolvi\u00f3 este mi\u00e9rcoles: el humorista fue liberado.<\/p>\n\n\n\n<p>La decisi\u00f3n la tom\u00f3 este mi\u00e9rcoles la jueza Natacha Cabeza, que orden\u00f3 el cese de prisi\u00f3n preventiva teniendo en cuenta que su expareja y denunciante,&nbsp;<strong>Ver\u00f3nica Mac\u00edas<\/strong>, se encuentra viviendo en C\u00f3rdoba y no hay riesgo procesal.<\/p>\n\n\n\n<p>Junto a la libertad, la jueza impuso una serie de normas de conducta como rendir una cauci\u00f3n de $2 millones, prohibici\u00f3n para salir de la provincia, presentarse a firmar todos los mi\u00e9rcoles, acompa\u00f1ar certificados que constante que contin\u00faa realizando el tratamiento por\u00a0<strong>violencia de g\u00e9nero<\/strong>\u00a0y prohibici\u00f3n de hablar medi\u00e1ticamente sobre el caso.<\/p>\n\n\n\n<p>Desde mediados de junio pasado que\u00a0<strong><em>Cacho\u00a0<\/em>Garay<\/strong>\u00a0se encontraba cumpliendo\u00a0su detenci\u00f3n en arresto domiciliario, luego de estar casi un a\u00f1o alojado en el complejo carcelario San Felipe. A fines del a\u00f1o pasado que sus abogados defensores -Daniel Romero y Juan Pablo Ildarraz- plantearon el cese de la prisi\u00f3n preventiva y que quede en total libertad.<\/p>\n\n\n\n<p>Por este motivo se realizaron varias audiencias en la causa, que comenzaron en febrero pasado y culminaron este mi\u00e9rcoles. La parte acusatoria -la fiscal M\u00f3nica Fern\u00e1ndez Poblet y querellantes Cristian Vaira Leyton y Agust\u00edn Magdalena- dictaminaron que&nbsp;<strong><em>Cacho&nbsp;<\/em>Garay<\/strong>&nbsp;que deb\u00eda continuar detenido. Pero la jueza no comparti\u00f3 ese criterio.<\/p>\n\n\n\n<h2 class=\"wp-block-heading\">C\u00f3mo sigue la causa de Cacho Garay<\/h2>\n\n\n\n<p>La discusi\u00f3n que se viene ahora en el expediente por\u00a0<strong>violencia de g\u00e9nero<\/strong>\u00a0es sobre\u00a0la posible elevaci\u00f3n a juicio. Desde hace varios meses que la fiscal consider\u00f3 que la investigaci\u00f3n est\u00e1 concluida y el caso est\u00e1 listo para un debate oral, donde se defina si el humorista es culpable o inocente.<\/p>\n\n\n\n<p>Como los abogados defensores de&nbsp;<strong><em>Cacho&nbsp;<\/em>Garay<\/strong>&nbsp;se opusieron a esta medida, desde el pr\u00f3ximo 5 de mayo se realizar\u00e1 una nueva bater\u00eda de audiencias para resolver este punto en particular, seg\u00fan comentaron fuentes judiciales.<\/p>\n\n\n\n<h2 class=\"wp-block-heading\">Denuncia versus defensa en el caso Cacho Garay<\/h2>\n\n\n\n<p>En los primeros d\u00edas de abril de 2023 trascendi\u00f3 una denuncia por\u00a0<strong>violencia de g\u00e9nero<\/strong>\u00a0que\u00a0<strong>Ver\u00f3nica Mac\u00edas<\/strong>\u00a0hizo contra su esposo,\u00a0<strong><em>Cacho\u00a0<\/em>Garay<\/strong>. La mujer explic\u00f3 que el 5 de abril mantuvo una discusi\u00f3n con\u00a0<strong><em>Cacho\u00a0<\/em>Garay\u00a0<\/strong>en el domicilio donde conviv\u00edan en Luj\u00e1n de Cuyo. La situaci\u00f3n se fue elevando de tono hasta que el acusado tom\u00f3 un arma de fuego, le apunt\u00f3 a la cabeza y le advirti\u00f3: &#8220;Te voy a matar&#8221;.<\/p>\n\n\n\n<p>Una semana despu\u00e9s se realiz\u00f3 un&nbsp;<strong>allanamiento&nbsp;<\/strong>en el domicilio donde el humorista fue detenido y se secuestraron cuatro armas de fuego de colecci\u00f3n, de las cuales dos estaban aptas para el disparo.<\/p>\n\n\n\n<p>La bailarina ampli\u00f3 su testimonio y habl\u00f3 de reiterados&nbsp;<strong>abusos sexuales<\/strong>&nbsp;y de haber sido privada de su libertad por parte de&nbsp;<strong><em>Cacho&nbsp;<\/em>Garay.<\/strong>&nbsp;La Fiscal\u00eda de&nbsp;<strong>Violencia de G\u00e9nero&nbsp;<\/strong>agrav\u00f3 la imputaci\u00f3n y orden\u00f3 la detenci\u00f3n domiciliaria del sospechoso.<\/p>\n\n\n\n<p>Sin embargo, Cacho Garay neg\u00f3 siempre los cargos. En una entrevista con Diario UNO dijo que&nbsp;<strong>en las denuncias por violencia de g\u00e9nero, &#8220;la masculinidad ya determina la culpabilidad&#8221;&nbsp;<\/strong>de una persona.<\/p>\n\n\n\n<p>El comediante critic\u00f3 los juicios donde la v\u00edctima es la mujer y asegur\u00f3 que hay que recuperar la<strong>&nbsp;&#8220;objetividad&#8221;.&nbsp;<\/strong>No dej\u00f3 pasar que celebr\u00f3, en su momento, la creaci\u00f3n del Ministerio de la Mujer pero, seg\u00fan sus palabras, se &#8220;desvirtu\u00f3&#8221; y &#8220;no logr\u00f3 bajar la violencia&#8221;.<\/p>\n\n\n\n<p>El humorista est\u00e1 acusado de amenazas agravadas, tenencia ilegal de arma de fuego de uso civil,&nbsp;<strong>abuso sexual&nbsp;<\/strong>con acceso carnal, privaci\u00f3n de la libertad agravada y desobediencia a una orden judicial. Arriesga una potencial condena de 8 a 32 a\u00f1os de c\u00e1rcel.<\/p>\n\n\n\n<p>En el caso tambi\u00e9n qued\u00f3 involucrada la empleada legislativa&nbsp;<strong>Sandra Astudillo Staffolani<\/strong>, quien hab\u00eda sido pareja de&nbsp;<strong><em>Cacho&nbsp;<\/em>Garay<\/strong>. Creen que particip\u00f3 en varios&nbsp;<strong>abusos sexuales&nbsp;<\/strong>que el humorista cometi\u00f3 contra&nbsp;<strong>Ver\u00f3nica Mac\u00edas<\/strong>&nbsp;entre los a\u00f1os 2011 y 2013. Los hechos ocurrieron en distintas viviendas y se trat\u00f3 de vej\u00e1menes con penetraci\u00f3n y hasta la obligaron a consumir sedantes, seg\u00fan declar\u00f3 la denunciante.<\/p>\n\n\n\n<p>Todas esas acusaciones fueron negadas por la defensa de Cacho Garay. Su abogado Daniel Romero viene se\u00f1alando desde hace meses que a&nbsp;<strong>Ver\u00f3nica Mac\u00edas<\/strong>, la ex de Garay y denunciante, que las pericias psicol\u00f3gicas no son para nada favorables.<\/p>\n\n\n\n<p>&#8220;Los resultados de las pericias que se le hicieron a Ver\u00f3nica Mac\u00edas indicaron que\u00a0<strong>no re\u00fane criterio de credibilidad, es una persona totalmente influenciable, se realiz\u00f3 con fin ganancial<\/strong>\u00a0<strong>y<\/strong>\u00a0<strong>no tiene estr\u00e9s post traum\u00e1tico<\/strong>, que son los puntos fundamentales para este caso&#8221;, insiste Romero.<\/p>\n\n\n\n<p><strong>Fuente: www.diariouno.com.ar<\/strong><\/p>\n","protected":false},"excerpt":{"rendered":"<p>Desde hace varios meses se vienen realizando decenas de audiencias en el marco de la causa contra\u00a0Juan\u00a0Cacho\u00a0Garay\u00a0(70) en busca de definir dos cuestiones vitales: si contin\u00faa detenido y si debe ser juzgado por\u00a0violencia de g\u00e9nero\u00a0y\u00a0abuso sexual\u00a0contra su expareja. El primero de esos puntos se resolvi\u00f3 este mi\u00e9rcoles: el humorista fue liberado. La decisi\u00f3n la tom\u00f3 [&hellip;]<\/p>\n","protected":false},"author":2,"featured_media":12746,"comment_status":"open","ping_status":"open","sticky":false,"template":"","format":"standard","meta":[],"categories":[60],"tags":[],"_links":{"self":[{"href":"https:\/\/pasaenmendoza.com\/index.php?rest_route=\/wp\/v2\/posts\/12745"}],"collection":[{"href":"https:\/\/pasaenmendoza.com\/index.php?rest_route=\/wp\/v2\/posts"}],"about":[{"href":"https:\/\/pasaenmendoza.com\/index.php?rest_route=\/wp\/v2\/types\/post"}],"author":[{"embeddable":true,"href":"https:\/\/pasaenmendoza.com\/index.php?rest_route=\/wp\/v2\/users\/2"}],"replies":[{"embeddable":true,"href":"https:\/\/pasaenmendoza.com\/index.php?rest_route=%2Fwp%2Fv2%2Fcomments&post=12745"}],"version-history":[{"count":1,"href":"https:\/\/pasaenmendoza.com\/index.php?rest_route=\/wp\/v2\/posts\/12745\/revisions"}],"predecessor-version":[{"id":12747,"href":"https:\/\/pasaenmendoza.com\/index.php?rest_route=\/wp\/v2\/posts\/12745\/revisions\/12747"}],"wp:featuredmedia":[{"embeddable":true,"href":"https:\/\/pasaenmendoza.com\/index.php?rest_route=\/wp\/v2\/media\/12746"}],"wp:attachment":[{"href":"https:\/\/pasaenmendoza.com\/index.php?rest_route=%2Fwp%2Fv2%2Fmedia&parent=12745"}],"wp:term":[{"taxonomy":"category","embeddable":true,"href":"https:\/\/pasaenmendoza.com\/index.php?rest_route=%2Fwp%2Fv2%2Fcategories&post=12745"},{"taxonomy":"post_tag","embeddable":true,"href":"https:\/\/pasaenmendoza.com\/index.php?rest_route=%2Fwp%2Fv2%2Ftags&post=12745"}],"curies":[{"name":"wp","href":"https:\/\/api.w.org\/{rel}","templated":true}]}}