{"id":12760,"date":"2025-05-05T15:32:22","date_gmt":"2025-05-05T13:32:22","guid":{"rendered":"https:\/\/pasaenmendoza.com\/?p=12760"},"modified":"2025-05-05T15:32:23","modified_gmt":"2025-05-05T13:32:23","slug":"se-viene-el-boulevard-del-cafe-con-fiesta-electronica","status":"publish","type":"post","link":"https:\/\/pasaenmendoza.com\/?p=12760","title":{"rendered":"Se viene el Boulevard del Caf\u00e9 con fiesta electr\u00f3nica"},"content":{"rendered":"\n<p>La<strong>\u00a0Ciudad de Mendoza<\/strong>\u00a0se prepara para uno de los eventos m\u00e1s convocantes y entretenidos de su agenda anual. Es que el\u00a0<strong>Boulevard del Caf\u00e9<\/strong>\u00a0tendr\u00e1 su cuarta edici\u00f3n para acercar a mendocinos y turistas los sabores y aromas m\u00e1s ricos de esta bebida tan elegida.\u00a0<\/p>\n\n\n\n<p>La cita ser\u00e1 el\u00a0<strong>s\u00e1bado 24 de mayo, de 10 a 20 h, y el domingo 25 de mayo, de 10 a 14 h,\u00a0<\/strong>sobre la calle Pedro Molina, con\u00a0<strong>entrada libre y gratuita<\/strong>.<\/p>\n\n\n\n<p>Entre las novedades m\u00e1s importantes, est\u00e1 la realizaci\u00f3n de la\u00a0<strong>Coffee Rave<\/strong>, una experiencia inspirada en eventos internacionales que combinar\u00e1\u00a0<strong>caf\u00e9 de especialidad con m\u00fasica electr\u00f3nica<\/strong>. Esta fiesta se realizar\u00e1 el s\u00e1bado 24 por la tarde y promete sorprender a todos los presentes.<\/p>\n\n\n\n<p>Adem\u00e1s, se buscar\u00e1&nbsp;<strong>fusionar la cultura del caf\u00e9 con el mundo literario<\/strong>, creando un espacio donde los asistentes podr\u00e1n disfrutar de libros y lecturas acompa\u00f1ados de una buena taza de caf\u00e9.<\/p>\n\n\n\n<p>M\u00e1s all\u00e1 de esta atractiva propuesta, la actividad mantendr\u00e1 su formato original, con la ya cl\u00e1sica competencia de\u00a0<strong>Arte Latte<\/strong>, promociones especiales, espect\u00e1culos en vivo, espacios de arte y muchas sorpresas para disfrutar en pleno coraz\u00f3n de la capital mendocina.<\/p>\n\n\n\n<p>El&nbsp;<strong>Boulevard del Caf\u00e9<\/strong>&nbsp;contin\u00faa consolid\u00e1ndose como una iniciativa para impulsar el consumo local y el desarrollo del sector gastron\u00f3mico, poniendo en valor la cultura del caf\u00e9 como espacio de encuentro y disfrute.<\/p>\n\n\n\n<p>M\u00e1s informaci\u00f3n:\u00a0<strong>desarrolloeconomicociudad@gmail.com<\/strong><\/p>\n\n\n\n<p><strong>Fuente: www.mendozapost.com<\/strong><\/p>\n","protected":false},"excerpt":{"rendered":"<p>La\u00a0Ciudad de Mendoza\u00a0se prepara para uno de los eventos m\u00e1s convocantes y entretenidos de su agenda anual. Es que el\u00a0Boulevard del Caf\u00e9\u00a0tendr\u00e1 su cuarta edici\u00f3n para acercar a mendocinos y turistas los sabores y aromas m\u00e1s ricos de esta bebida tan elegida.\u00a0 La cita ser\u00e1 el\u00a0s\u00e1bado 24 de mayo, de 10 a 20 h, y [&hellip;]<\/p>\n","protected":false},"author":2,"featured_media":12761,"comment_status":"open","ping_status":"open","sticky":false,"template":"","format":"standard","meta":[],"categories":[50],"tags":[],"_links":{"self":[{"href":"https:\/\/pasaenmendoza.com\/index.php?rest_route=\/wp\/v2\/posts\/12760"}],"collection":[{"href":"https:\/\/pasaenmendoza.com\/index.php?rest_route=\/wp\/v2\/posts"}],"about":[{"href":"https:\/\/pasaenmendoza.com\/index.php?rest_route=\/wp\/v2\/types\/post"}],"author":[{"embeddable":true,"href":"https:\/\/pasaenmendoza.com\/index.php?rest_route=\/wp\/v2\/users\/2"}],"replies":[{"embeddable":true,"href":"https:\/\/pasaenmendoza.com\/index.php?rest_route=%2Fwp%2Fv2%2Fcomments&post=12760"}],"version-history":[{"count":1,"href":"https:\/\/pasaenmendoza.com\/index.php?rest_route=\/wp\/v2\/posts\/12760\/revisions"}],"predecessor-version":[{"id":12762,"href":"https:\/\/pasaenmendoza.com\/index.php?rest_route=\/wp\/v2\/posts\/12760\/revisions\/12762"}],"wp:featuredmedia":[{"embeddable":true,"href":"https:\/\/pasaenmendoza.com\/index.php?rest_route=\/wp\/v2\/media\/12761"}],"wp:attachment":[{"href":"https:\/\/pasaenmendoza.com\/index.php?rest_route=%2Fwp%2Fv2%2Fmedia&parent=12760"}],"wp:term":[{"taxonomy":"category","embeddable":true,"href":"https:\/\/pasaenmendoza.com\/index.php?rest_route=%2Fwp%2Fv2%2Fcategories&post=12760"},{"taxonomy":"post_tag","embeddable":true,"href":"https:\/\/pasaenmendoza.com\/index.php?rest_route=%2Fwp%2Fv2%2Ftags&post=12760"}],"curies":[{"name":"wp","href":"https:\/\/api.w.org\/{rel}","templated":true}]}}