{"id":12764,"date":"2025-05-05T23:42:30","date_gmt":"2025-05-05T21:42:30","guid":{"rendered":"https:\/\/pasaenmendoza.com\/?p=12764"},"modified":"2025-05-05T23:42:31","modified_gmt":"2025-05-05T21:42:31","slug":"abel-pintos-cantara-el-himno-en-el-acto-del-cambio-de-bandera-en-la-casa-de-gobierno-de-mendoza","status":"publish","type":"post","link":"https:\/\/pasaenmendoza.com\/?p=12764","title":{"rendered":"Abel Pintos cantar\u00e1 el himno en el acto del cambio de bandera en la Casa de Gobierno de Mendoza"},"content":{"rendered":"\n<p>En una presentaci\u00f3n que promete emocionar a todos los presentes, el reconocido artista argentino\u00a0<strong>Abel Pintos\u00a0ser\u00e1 el encargado de entonar el Himno Nacional durante el acto oficial de cambio de bandera que se llevar\u00e1 a cabo el 6 de junio a las 9.30, en la\u00a0Casa de Gobierno de Mendoza.<\/strong><\/p>\n\n\n\n<p>As\u00ed\u00a0<strong>lo anticiparon fuentes cercanas a la organizaci\u00f3n del evento,<\/strong>\u00a0que se desarrollar\u00e1 en un contexto institucional y simb\u00f3lico de gran relevancia para la provincia. La participaci\u00f3n de Pintos, uno de los cantautores m\u00e1s queridos del pa\u00eds, le aportar\u00e1 un tono art\u00edstico y emotivo a una ceremonia cargada de significaci\u00f3n patri\u00f3tica.<\/p>\n\n\n\n<p>El evento, que a\u00fan no ha sido anunciado oficialmente, busca renovar el v\u00ednculo entre la ciudadan\u00eda y los s\u00edmbolos nacionales, en una jornada donde la m\u00fasica y la identidad argentina se dar\u00e1n la mano en un marco hist\u00f3rico.<\/p>\n\n\n\n<p>Se espera que en las pr\u00f3ximas horas las autoridades provinciales\u00a0confirmen la noticia\u00a0y brinden m\u00e1s detalles sobre la ceremonia y programaci\u00f3n completa.<\/p>\n\n\n\n<p><strong>Fuente: www.diariomendoza.com.ar<\/strong><\/p>\n","protected":false},"excerpt":{"rendered":"<p>En una presentaci\u00f3n que promete emocionar a todos los presentes, el reconocido artista argentino\u00a0Abel Pintos\u00a0ser\u00e1 el encargado de entonar el Himno Nacional durante el acto oficial de cambio de bandera que se llevar\u00e1 a cabo el 6 de junio a las 9.30, en la\u00a0Casa de Gobierno de Mendoza. As\u00ed\u00a0lo anticiparon fuentes cercanas a la organizaci\u00f3n [&hellip;]<\/p>\n","protected":false},"author":2,"featured_media":12765,"comment_status":"open","ping_status":"open","sticky":false,"template":"","format":"standard","meta":[],"categories":[50],"tags":[],"_links":{"self":[{"href":"https:\/\/pasaenmendoza.com\/index.php?rest_route=\/wp\/v2\/posts\/12764"}],"collection":[{"href":"https:\/\/pasaenmendoza.com\/index.php?rest_route=\/wp\/v2\/posts"}],"about":[{"href":"https:\/\/pasaenmendoza.com\/index.php?rest_route=\/wp\/v2\/types\/post"}],"author":[{"embeddable":true,"href":"https:\/\/pasaenmendoza.com\/index.php?rest_route=\/wp\/v2\/users\/2"}],"replies":[{"embeddable":true,"href":"https:\/\/pasaenmendoza.com\/index.php?rest_route=%2Fwp%2Fv2%2Fcomments&post=12764"}],"version-history":[{"count":1,"href":"https:\/\/pasaenmendoza.com\/index.php?rest_route=\/wp\/v2\/posts\/12764\/revisions"}],"predecessor-version":[{"id":12766,"href":"https:\/\/pasaenmendoza.com\/index.php?rest_route=\/wp\/v2\/posts\/12764\/revisions\/12766"}],"wp:featuredmedia":[{"embeddable":true,"href":"https:\/\/pasaenmendoza.com\/index.php?rest_route=\/wp\/v2\/media\/12765"}],"wp:attachment":[{"href":"https:\/\/pasaenmendoza.com\/index.php?rest_route=%2Fwp%2Fv2%2Fmedia&parent=12764"}],"wp:term":[{"taxonomy":"category","embeddable":true,"href":"https:\/\/pasaenmendoza.com\/index.php?rest_route=%2Fwp%2Fv2%2Fcategories&post=12764"},{"taxonomy":"post_tag","embeddable":true,"href":"https:\/\/pasaenmendoza.com\/index.php?rest_route=%2Fwp%2Fv2%2Ftags&post=12764"}],"curies":[{"name":"wp","href":"https:\/\/api.w.org\/{rel}","templated":true}]}}