{"id":12770,"date":"2025-05-05T23:50:45","date_gmt":"2025-05-05T21:50:45","guid":{"rendered":"https:\/\/pasaenmendoza.com\/?p=12770"},"modified":"2025-05-05T23:50:46","modified_gmt":"2025-05-05T21:50:46","slug":"se-oficializo-la-baja-provincial-de-la-tarifa-de-luz-cuanto-impacta-en-la-boleta-de-los-mendocinos","status":"publish","type":"post","link":"https:\/\/pasaenmendoza.com\/?p=12770","title":{"rendered":"Se oficializ\u00f3 la baja provincial de la tarifa de luz: cu\u00e1nto impacta en la boleta de los mendocinos"},"content":{"rendered":"\n<p>El Ente Provincial Regulador El\u00e9ctrico (EPRE) formaliz\u00f3 la baja del componente provincial de la tarifa de\u00a0<strong>luz\u00a0<\/strong>y los nuevos cuadros tarifarios a aplicar de mayo a julio de 2025. Seg\u00fan sus c\u00e1lculos, los usuarios residenciales pagar\u00e1n el 4,6% menos, en promedio.<\/p>\n\n\n\n<p>La reducci\u00f3n final en la tarifa el\u00e9ctrica, a pesar de la suba determinada por la Secretar\u00eda de&nbsp;<strong>Energ\u00eda&nbsp;<\/strong>de Naci\u00f3n, se debe a que el componente de jurisdicci\u00f3n provincial VAD (Valor Agregado de Distribuci\u00f3n) tendr\u00e1 una baja promedio del 6%, lo que termina incidiendo a favor del usuario.<\/p>\n\n\n\n<p>La medida fue oficializada este lunes con la publicaci\u00f3n de la resoluci\u00f3n N\u00ba 111 del\u00a0<strong>EPRE\u00a0<\/strong>en el Bolet\u00edn Oficial.<\/p>\n\n\n\n<h2 class=\"wp-block-heading\"><strong>C\u00f3mo se explica la baja en la tarifa de la luz<\/strong><\/h2>\n\n\n\n<p>El gobernador Alfredo Cornejo anunci\u00f3 durante su discurso una baja del 4% en la tarifa de&nbsp;<strong>luz<\/strong>. El EPRE oficializ\u00f3 los nuevos valores de la electricidad en&nbsp;<strong>Mendoza<\/strong>&nbsp;y explic\u00f3 por qu\u00e9 en el precio final se ver\u00e1 una reducci\u00f3n, a pesar de las subas anunciadas por la Secretar\u00eda de Energ\u00eda de la Naci\u00f3n.<\/p>\n\n\n\n<p>El componente de jurisdicci\u00f3n provincial VAD (Valor Agregado de Distribuci\u00f3n) tendr\u00e1 una variaci\u00f3n a la baja del orden del 6% promedio, se\u00f1alaron desde el\u00a0<strong>EPRE<\/strong>. Esto, porque en abril de este a\u00f1o los usuarios terminaron de abonar un diferencial, que fue retirado de la tarifa a partir del 1 de mayo.<\/p>\n\n\n\n<p>A su vez, la Secretar\u00eda de&nbsp;<strong>Energ\u00eda<\/strong>&nbsp;de Naci\u00f3n actualiz\u00f3 nuevos precios de energ\u00eda, potencia y transporte en el mercado el\u00e9ctrico mayorista incidiendo en el componente de la tarifa Costo de abastecimiento, de jurisdicci\u00f3n nacional (Resoluci\u00f3n 171\/2025, publicada en Bolet\u00edn Oficial el 29\/04\/2025).<\/p>\n\n\n\n<p>Los mismos regir\u00e1n del 1 de mayo al 31 de octubre y generan un impacto del orden del 1,5% en las&nbsp;<strong>tarifas<\/strong>&nbsp;de usuarios finales.<\/p>\n\n\n\n<h2 class=\"wp-block-heading\">Reducci\u00f3n en la tarifa de luz para casi 670.000 usuarios<\/h2>\n\n\n\n<p>En definitiva, seg\u00fan dijeron desde el Gobierno, el efecto conjunto de la implementaci\u00f3n de ambas medidas (la provincial y la nacional) significar\u00e1 una reducci\u00f3n en el precio final de la tarifa de&nbsp;<strong>luz<\/strong>.<\/p>\n\n\n\n<p>La baja del 6% en el VAD menos la suba del 1,5% de Naci\u00f3n, terminar\u00e1 favoreciendo a 669.703 usuarios del servicio el\u00e9ctrico y significar\u00e1 una reducci\u00f3n en la&nbsp;<strong>tarifa<\/strong>&nbsp;del servicio de luz a usuario final del orden del 4% promedio.<\/p>\n\n\n\n<p>En particular, para los usuarios residenciales, que representan el 85% de los usuarios de la Provincia, la baja en la tarifa de\u00a0<strong>luz<\/strong>\u00a0ser\u00e1 del 4,6% promedio, siempre a aplicar a los consumos desde el 1 de mayo.<\/p>\n\n\n\n<p><strong>Fuente: www.diariouno.com.ar<\/strong><\/p>\n","protected":false},"excerpt":{"rendered":"<p>El Ente Provincial Regulador El\u00e9ctrico (EPRE) formaliz\u00f3 la baja del componente provincial de la tarifa de\u00a0luz\u00a0y los nuevos cuadros tarifarios a aplicar de mayo a julio de 2025. Seg\u00fan sus c\u00e1lculos, los usuarios residenciales pagar\u00e1n el 4,6% menos, en promedio. La reducci\u00f3n final en la tarifa el\u00e9ctrica, a pesar de la suba determinada por la [&hellip;]<\/p>\n","protected":false},"author":2,"featured_media":12771,"comment_status":"open","ping_status":"open","sticky":false,"template":"","format":"standard","meta":[],"categories":[75],"tags":[],"_links":{"self":[{"href":"https:\/\/pasaenmendoza.com\/index.php?rest_route=\/wp\/v2\/posts\/12770"}],"collection":[{"href":"https:\/\/pasaenmendoza.com\/index.php?rest_route=\/wp\/v2\/posts"}],"about":[{"href":"https:\/\/pasaenmendoza.com\/index.php?rest_route=\/wp\/v2\/types\/post"}],"author":[{"embeddable":true,"href":"https:\/\/pasaenmendoza.com\/index.php?rest_route=\/wp\/v2\/users\/2"}],"replies":[{"embeddable":true,"href":"https:\/\/pasaenmendoza.com\/index.php?rest_route=%2Fwp%2Fv2%2Fcomments&post=12770"}],"version-history":[{"count":1,"href":"https:\/\/pasaenmendoza.com\/index.php?rest_route=\/wp\/v2\/posts\/12770\/revisions"}],"predecessor-version":[{"id":12772,"href":"https:\/\/pasaenmendoza.com\/index.php?rest_route=\/wp\/v2\/posts\/12770\/revisions\/12772"}],"wp:featuredmedia":[{"embeddable":true,"href":"https:\/\/pasaenmendoza.com\/index.php?rest_route=\/wp\/v2\/media\/12771"}],"wp:attachment":[{"href":"https:\/\/pasaenmendoza.com\/index.php?rest_route=%2Fwp%2Fv2%2Fmedia&parent=12770"}],"wp:term":[{"taxonomy":"category","embeddable":true,"href":"https:\/\/pasaenmendoza.com\/index.php?rest_route=%2Fwp%2Fv2%2Fcategories&post=12770"},{"taxonomy":"post_tag","embeddable":true,"href":"https:\/\/pasaenmendoza.com\/index.php?rest_route=%2Fwp%2Fv2%2Ftags&post=12770"}],"curies":[{"name":"wp","href":"https:\/\/api.w.org\/{rel}","templated":true}]}}