{"id":12773,"date":"2025-05-05T23:53:35","date_gmt":"2025-05-05T21:53:35","guid":{"rendered":"https:\/\/pasaenmendoza.com\/?p=12773"},"modified":"2025-05-05T23:53:36","modified_gmt":"2025-05-05T21:53:36","slug":"vencio-un-plazo-electoral-y-cornejo-gana-tiempo-antes-de-definir-si-unifica-las-elecciones","status":"publish","type":"post","link":"https:\/\/pasaenmendoza.com\/?p=12773","title":{"rendered":"Venci\u00f3 un plazo electoral y Cornejo gana tiempo antes de definir si unifica las elecciones"},"content":{"rendered":"\n<p>En medio de toda la confusi\u00f3n que genera el nutrido<strong>\u00a0calendario electoral 2025<\/strong>, este lunes 5 de mayo se empez\u00f3 a despejar el futuro para los mendocinos. Esta era la fecha l\u00edmite para convocar a las\u00a0<strong>PASO provinciales<\/strong>\u00a0si es que\u00a0<strong>Alfredo Cornejo<\/strong>\u00a0decidiera unificar las elecciones legislativas con las nacionales que ser\u00e1n el 26 de octubre.<\/p>\n\n\n\n<p>La indecisi\u00f3n del gobernador abre dos caminos: o est\u00e1 pensando en\u00a0<strong>suspender las PASO provinciales<\/strong>\u00a0como ya lo hizo Javier Milei en la Naci\u00f3n, y como han pedido varias fuerzas pol\u00edticas en\u00a0<strong>Mendoza<\/strong>, o est\u00e1 barajando la posibilidad de mantener las\u00a0<strong>elecciones desdobladas<\/strong>\u00a0como lo fija la ley provincial, y entonces proyecta que los mendocinos vayamos a las urnas en febrero y abril de 2026.<\/p>\n\n\n\n<p>Lo que est\u00e1 claro es que\u00a0<strong>Cornejo<\/strong>\u00a0est\u00e1 ganando tiempo y mientras comanda la delegaci\u00f3n mendocina en Offshore Technology Conference (OTC), una de las ferias hidrocarbur\u00edferas m\u00e1s importantes del mundo que se hace en Houston, Estados Unidos, mira de reojo c\u00f3mo se mueve el mapa electoral en el pa\u00eds.<\/p>\n\n\n\n<p>Es que este 18 de mayo son las&nbsp;<strong>elecciones legislativas en la Ciudad Aut\u00f3noma de Buenos Aires<\/strong>&nbsp;y esa experiencia podr\u00eda ser un term\u00f3metro de qu\u00e9 resultado le da al PRO haber separado las elecciones legislativas y enfrentar a La Libertad Avanza que encarna el presidente Javier Milei.<\/p>\n\n\n\n<p>Los radicales mendocinos no lo dicen abiertamente, pero est\u00e1n siguiendo de cerca cada instancia de esa<strong>&nbsp;elecci\u00f3n<\/strong>&nbsp;para ver c\u00f3mo sale parado el oficialismo de ese enfrentamiento clave.<\/p>\n\n\n\n<p>&#8220;La moneda est\u00e1 en el aire, hay que ver como cae&#8221;, repiten una y otra vez algunos integrantes de la mesa chica de Cornejo, que a\u00fan no dan definiciones del camino que podr\u00e1 tomar el gobernador mendocino.<\/p>\n\n\n\n<h2 class=\"wp-block-heading\">Las fechas del calendario electoral con el que todos especulan<\/h2>\n\n\n\n<p>A Alfredo Cornejo todav\u00eda le quedan un par de meses para ratificar si los mendocinos votaremos junto con la Naci\u00f3n para elegir a los diputados nacionales el&nbsp;<strong>26 de octubre<\/strong>. Para eso&nbsp;<strong>tiene tiempo hasta el 18 de julio<\/strong>.<\/p>\n\n\n\n<p>Lo que exige la ley es que si la elecciones provinciales se hicieran el mismo 26 de octubre, las&nbsp;<strong>PASO provinciales deber\u00edan concretarse el 3 de agosto<\/strong>&nbsp;y por tanto debieran haber sido&nbsp;<strong>convocadas 90 d\u00edas antes,<\/strong>&nbsp;es decir este&nbsp;<strong>lunes 5 de mayo<\/strong>, lo que efectivamente no ocurri\u00f3.<\/p>\n\n\n\n<p>Sin embargo, el hecho de que el gobernador no haya convocado a esas PASO este lunes no significa que no las vaya a hacer, puede que como se dijo ya est\u00e9 pensando en mantener las\u00a0<strong>elecciones desdobladas<\/strong>, entonces esos comicios ser\u00edan\u00a0<strong>el 1 de febrero de 2026<\/strong>\u00a0y las\u00a0<strong>elecciones generales provinciales<\/strong>\u00a0se concretar\u00edan el\u00a0<strong>12 de abril de 2026<\/strong>.<\/p>\n\n\n\n<p><strong>Fuente: www.diariouno.com.ar<\/strong><\/p>\n","protected":false},"excerpt":{"rendered":"<p>En medio de toda la confusi\u00f3n que genera el nutrido\u00a0calendario electoral 2025, este lunes 5 de mayo se empez\u00f3 a despejar el futuro para los mendocinos. Esta era la fecha l\u00edmite para convocar a las\u00a0PASO provinciales\u00a0si es que\u00a0Alfredo Cornejo\u00a0decidiera unificar las elecciones legislativas con las nacionales que ser\u00e1n el 26 de octubre. La indecisi\u00f3n del [&hellip;]<\/p>\n","protected":false},"author":2,"featured_media":12774,"comment_status":"open","ping_status":"open","sticky":false,"template":"","format":"standard","meta":[],"categories":[47],"tags":[],"_links":{"self":[{"href":"https:\/\/pasaenmendoza.com\/index.php?rest_route=\/wp\/v2\/posts\/12773"}],"collection":[{"href":"https:\/\/pasaenmendoza.com\/index.php?rest_route=\/wp\/v2\/posts"}],"about":[{"href":"https:\/\/pasaenmendoza.com\/index.php?rest_route=\/wp\/v2\/types\/post"}],"author":[{"embeddable":true,"href":"https:\/\/pasaenmendoza.com\/index.php?rest_route=\/wp\/v2\/users\/2"}],"replies":[{"embeddable":true,"href":"https:\/\/pasaenmendoza.com\/index.php?rest_route=%2Fwp%2Fv2%2Fcomments&post=12773"}],"version-history":[{"count":1,"href":"https:\/\/pasaenmendoza.com\/index.php?rest_route=\/wp\/v2\/posts\/12773\/revisions"}],"predecessor-version":[{"id":12775,"href":"https:\/\/pasaenmendoza.com\/index.php?rest_route=\/wp\/v2\/posts\/12773\/revisions\/12775"}],"wp:featuredmedia":[{"embeddable":true,"href":"https:\/\/pasaenmendoza.com\/index.php?rest_route=\/wp\/v2\/media\/12774"}],"wp:attachment":[{"href":"https:\/\/pasaenmendoza.com\/index.php?rest_route=%2Fwp%2Fv2%2Fmedia&parent=12773"}],"wp:term":[{"taxonomy":"category","embeddable":true,"href":"https:\/\/pasaenmendoza.com\/index.php?rest_route=%2Fwp%2Fv2%2Fcategories&post=12773"},{"taxonomy":"post_tag","embeddable":true,"href":"https:\/\/pasaenmendoza.com\/index.php?rest_route=%2Fwp%2Fv2%2Ftags&post=12773"}],"curies":[{"name":"wp","href":"https:\/\/api.w.org\/{rel}","templated":true}]}}