{"id":12776,"date":"2025-05-06T16:08:21","date_gmt":"2025-05-06T14:08:21","guid":{"rendered":"https:\/\/pasaenmendoza.com\/?p=12776"},"modified":"2025-05-06T16:08:22","modified_gmt":"2025-05-06T14:08:22","slug":"martes-parcialmente-nublado-con-ascenso-de-la-temperatura","status":"publish","type":"post","link":"https:\/\/pasaenmendoza.com\/?p=12776","title":{"rendered":"Martes parcialmente nublado con ascenso de la temperatura"},"content":{"rendered":"\n<p>Este&nbsp;<strong>martes 6 de mayo<\/strong>, anticipan para&nbsp;<strong>Mendoza<\/strong>&nbsp;una jornada con un&nbsp;<strong>ascenso de la temperatura&nbsp;<\/strong>y un cielo&nbsp;<strong>parcialmente nublado<\/strong>.<\/p>\n\n\n\n<p>Se prev\u00e9 la presencia de\u00a0<strong>viento Zonda en la precordillera<\/strong>, lo que podr\u00eda generar r\u00e1fagas intensas en esa zona. En la cordillera, se esperan nevadas. Las temperaturas oscilar\u00e1n entre una m\u00ednima de 11\u00baC y una m\u00e1xima de 24\u00baC.<\/p>\n\n\n\n<p><strong>\u00a0Pron\u00f3stico para el resto de la semana<\/strong><\/p>\n\n\n\n<p>&#8211;<strong>Mi\u00e9rcoles 7 de mayo de 2025:\u00a0<\/strong>parcialmente nublado con poco cambio en la temperatura. Se esperan vientos moderados del sudeste. Lluvias en las primeras horas, afectando principalmente el este y sudeste provincial. Nevadas en la cordillera. Temperaturas: M\u00e1xima de 24\u00baC y m\u00ednima de 12\u00baC.\u00a0<\/p>\n\n\n\n<p><strong>-Jueves 8 de mayo de 2025:&nbsp;<\/strong>Parcialmente nublado con descenso de la temperatura. Vientos leves del sudeste. Nevadas: Se esperan en la cordillera. Temperaturas: M\u00e1xima de 21\u00baC y m\u00ednima de 12\u00baC.&nbsp;<\/p>\n\n\n\n<p><strong>-Viernes 9 de mayo de 2025:\u00a0<\/strong>Parcialmente nublado con poco cambio en la temperatura. Vientos leves del noreste. Mejoras: Se anticipa una mejora en las condiciones en la cordillera. Temperaturas: M\u00e1xima de 20\u00baC y m\u00ednima de 10\u00baC.\u00a0<\/p>\n\n\n\n<p><strong>S\u00e1bado 10 de mayo de 2025:\u00a0<\/strong>Nubosidad variable con ascenso de la temperatura. Vientos leves del noreste. Cordillera: Poco nuboso. Temperaturas: M\u00e1xima de 23\u00baC y m\u00ednima de 12\u00baC.\u00a0<\/p>\n\n\n\n<p><strong>Fuente: www.mendozapost.com<\/strong><\/p>\n","protected":false},"excerpt":{"rendered":"<p>Este&nbsp;martes 6 de mayo, anticipan para&nbsp;Mendoza&nbsp;una jornada con un&nbsp;ascenso de la temperatura&nbsp;y un cielo&nbsp;parcialmente nublado. Se prev\u00e9 la presencia de\u00a0viento Zonda en la precordillera, lo que podr\u00eda generar r\u00e1fagas intensas en esa zona. En la cordillera, se esperan nevadas. Las temperaturas oscilar\u00e1n entre una m\u00ednima de 11\u00baC y una m\u00e1xima de 24\u00baC. \u00a0Pron\u00f3stico para el [&hellip;]<\/p>\n","protected":false},"author":2,"featured_media":12777,"comment_status":"open","ping_status":"open","sticky":false,"template":"","format":"standard","meta":[],"categories":[52],"tags":[],"_links":{"self":[{"href":"https:\/\/pasaenmendoza.com\/index.php?rest_route=\/wp\/v2\/posts\/12776"}],"collection":[{"href":"https:\/\/pasaenmendoza.com\/index.php?rest_route=\/wp\/v2\/posts"}],"about":[{"href":"https:\/\/pasaenmendoza.com\/index.php?rest_route=\/wp\/v2\/types\/post"}],"author":[{"embeddable":true,"href":"https:\/\/pasaenmendoza.com\/index.php?rest_route=\/wp\/v2\/users\/2"}],"replies":[{"embeddable":true,"href":"https:\/\/pasaenmendoza.com\/index.php?rest_route=%2Fwp%2Fv2%2Fcomments&post=12776"}],"version-history":[{"count":1,"href":"https:\/\/pasaenmendoza.com\/index.php?rest_route=\/wp\/v2\/posts\/12776\/revisions"}],"predecessor-version":[{"id":12778,"href":"https:\/\/pasaenmendoza.com\/index.php?rest_route=\/wp\/v2\/posts\/12776\/revisions\/12778"}],"wp:featuredmedia":[{"embeddable":true,"href":"https:\/\/pasaenmendoza.com\/index.php?rest_route=\/wp\/v2\/media\/12777"}],"wp:attachment":[{"href":"https:\/\/pasaenmendoza.com\/index.php?rest_route=%2Fwp%2Fv2%2Fmedia&parent=12776"}],"wp:term":[{"taxonomy":"category","embeddable":true,"href":"https:\/\/pasaenmendoza.com\/index.php?rest_route=%2Fwp%2Fv2%2Fcategories&post=12776"},{"taxonomy":"post_tag","embeddable":true,"href":"https:\/\/pasaenmendoza.com\/index.php?rest_route=%2Fwp%2Fv2%2Ftags&post=12776"}],"curies":[{"name":"wp","href":"https:\/\/api.w.org\/{rel}","templated":true}]}}