{"id":12779,"date":"2025-05-06T16:14:07","date_gmt":"2025-05-06T14:14:07","guid":{"rendered":"https:\/\/pasaenmendoza.com\/?p=12779"},"modified":"2025-05-06T16:14:08","modified_gmt":"2025-05-06T14:14:08","slug":"un-joven-fue-apunalado-en-las-heras-luego-de-una-discusion","status":"publish","type":"post","link":"https:\/\/pasaenmendoza.com\/?p=12779","title":{"rendered":"Un joven fue apu\u00f1alado en Las Heras luego de una discusi\u00f3n"},"content":{"rendered":"\n<p>Durante la madrugada de este martes,&nbsp;<strong>un joven fue atacado con un arma blanca por varios sujetos en el departamento de Las Heras.<\/strong><\/p>\n\n\n\n<p>El hecho ocurri\u00f3 aproximadamente a las<strong>&nbsp;01:55 horas en la intersecci\u00f3n de las calles Azcu\u00e9naga y Maip\u00fa, luego de que el sistema 911 haya recibido una llamada acerca de una persona herida en el lugar<\/strong>. Cuando el personal policial y la ambulancia llegaron al lugar,&nbsp;<strong>encontraron al hombre de 18 a\u00f1os lesionado y posteriormente fue llevado al Hospital Lagomaggiore, donde fue asistido y luego pasado a cirug\u00eda con un pulm\u00f3n perforado<\/strong>. Afortunadamente, el hombre est\u00e1 con un<strong>&nbsp;estado de salud estable.<\/strong><\/p>\n\n\n\n<p>Seg\u00fan los reportes policiales, el joven\u00a0<strong>habr\u00eda mantenido una discusi\u00f3n con estas personas por problemas de vieja data<\/strong>, por lo que result\u00f3 ser herido tras ser apu\u00f1alado.<\/p>\n\n\n\n<p>El caso fue tomado por la\u00a0<strong>Comisar\u00eda 36\u00b0 de Las Heras<\/strong>\u00a0e intervino la\u00a0<strong>Oficina Fiscal N\u00b02\u00a0<\/strong>del mismo departamento. Seg\u00fan los \u00faltimos informes policiales, hasta el momento\u00a0<strong>no se ha logrado atrapar a los autores del suceso.<\/strong><\/p>\n\n\n\n<p><strong>Fuente: www.mendozapost.com<\/strong><\/p>\n","protected":false},"excerpt":{"rendered":"<p>Durante la madrugada de este martes,&nbsp;un joven fue atacado con un arma blanca por varios sujetos en el departamento de Las Heras. El hecho ocurri\u00f3 aproximadamente a las&nbsp;01:55 horas en la intersecci\u00f3n de las calles Azcu\u00e9naga y Maip\u00fa, luego de que el sistema 911 haya recibido una llamada acerca de una persona herida en el [&hellip;]<\/p>\n","protected":false},"author":2,"featured_media":12780,"comment_status":"open","ping_status":"open","sticky":false,"template":"","format":"standard","meta":[],"categories":[48],"tags":[],"_links":{"self":[{"href":"https:\/\/pasaenmendoza.com\/index.php?rest_route=\/wp\/v2\/posts\/12779"}],"collection":[{"href":"https:\/\/pasaenmendoza.com\/index.php?rest_route=\/wp\/v2\/posts"}],"about":[{"href":"https:\/\/pasaenmendoza.com\/index.php?rest_route=\/wp\/v2\/types\/post"}],"author":[{"embeddable":true,"href":"https:\/\/pasaenmendoza.com\/index.php?rest_route=\/wp\/v2\/users\/2"}],"replies":[{"embeddable":true,"href":"https:\/\/pasaenmendoza.com\/index.php?rest_route=%2Fwp%2Fv2%2Fcomments&post=12779"}],"version-history":[{"count":1,"href":"https:\/\/pasaenmendoza.com\/index.php?rest_route=\/wp\/v2\/posts\/12779\/revisions"}],"predecessor-version":[{"id":12781,"href":"https:\/\/pasaenmendoza.com\/index.php?rest_route=\/wp\/v2\/posts\/12779\/revisions\/12781"}],"wp:featuredmedia":[{"embeddable":true,"href":"https:\/\/pasaenmendoza.com\/index.php?rest_route=\/wp\/v2\/media\/12780"}],"wp:attachment":[{"href":"https:\/\/pasaenmendoza.com\/index.php?rest_route=%2Fwp%2Fv2%2Fmedia&parent=12779"}],"wp:term":[{"taxonomy":"category","embeddable":true,"href":"https:\/\/pasaenmendoza.com\/index.php?rest_route=%2Fwp%2Fv2%2Fcategories&post=12779"},{"taxonomy":"post_tag","embeddable":true,"href":"https:\/\/pasaenmendoza.com\/index.php?rest_route=%2Fwp%2Fv2%2Ftags&post=12779"}],"curies":[{"name":"wp","href":"https:\/\/api.w.org\/{rel}","templated":true}]}}