{"id":1278,"date":"2023-09-07T15:07:01","date_gmt":"2023-09-07T13:07:01","guid":{"rendered":"https:\/\/pasaenmendoza.com\/?p=1278"},"modified":"2023-09-07T15:07:01","modified_gmt":"2023-09-07T13:07:01","slug":"se-sintio-un-temblor-en-mendoza-el-movimiento-se-produjo-en-chile","status":"publish","type":"post","link":"https:\/\/pasaenmendoza.com\/?p=1278","title":{"rendered":"Se sinti\u00f3 un temblor en Mendoza: el movimiento se produjo en Chile"},"content":{"rendered":"\n<p>Un movimiento de 6,6 grados se produjo en el vecino pa\u00eds de Chile. El temblor se sinti\u00f3 en Mendoza.<\/p>\n\n\n\n<p>El movimiento tel\u00farico tuvo su epicentro en el mar de La Serena a las 20.48 y se registr\u00f3 una profundidad de 10 kil\u00f3metros, por lo que se sinti\u00f3 en el continente, incluyendo nuestra provincia.<\/p>\n\n\n\n<p>El Servicio Nacional de Prevenci\u00f3n y Respuestas ante Desastres de Chile (Senapred), asegur\u00f3 que el movimiento se registr\u00f3 entre las regiones de Atacama y Metropolitana.<\/p>\n\n\n\n<p>De acuerdo con antecedentes del Centro Sismol\u00f3gico Nacional entregados de manera preliminar, el movimiento se registr\u00f3 a las 20.48 horas y tuvo su epicentro a 24 kil\u00f3metros al oeste de Tongoy.<\/p>\n\n\n\n<p>Asimismo, su hipocentro, se produjo a 35 kil\u00f3metros de profundidad.<\/p>\n\n\n\n<p><strong>Fuente: www.diariouno.com.ar<\/strong><\/p>\n","protected":false},"excerpt":{"rendered":"<p>Un movimiento de 6,6 grados se produjo en el vecino pa\u00eds de Chile. El temblor se sinti\u00f3 en Mendoza. El movimiento tel\u00farico tuvo su epicentro en el mar de La Serena a las 20.48 y se registr\u00f3 una profundidad de 10 kil\u00f3metros, por lo que se sinti\u00f3 en el continente, incluyendo nuestra provincia. El Servicio [&hellip;]<\/p>\n","protected":false},"author":2,"featured_media":1279,"comment_status":"open","ping_status":"open","sticky":false,"template":"","format":"standard","meta":[],"categories":[63],"tags":[],"_links":{"self":[{"href":"https:\/\/pasaenmendoza.com\/index.php?rest_route=\/wp\/v2\/posts\/1278"}],"collection":[{"href":"https:\/\/pasaenmendoza.com\/index.php?rest_route=\/wp\/v2\/posts"}],"about":[{"href":"https:\/\/pasaenmendoza.com\/index.php?rest_route=\/wp\/v2\/types\/post"}],"author":[{"embeddable":true,"href":"https:\/\/pasaenmendoza.com\/index.php?rest_route=\/wp\/v2\/users\/2"}],"replies":[{"embeddable":true,"href":"https:\/\/pasaenmendoza.com\/index.php?rest_route=%2Fwp%2Fv2%2Fcomments&post=1278"}],"version-history":[{"count":2,"href":"https:\/\/pasaenmendoza.com\/index.php?rest_route=\/wp\/v2\/posts\/1278\/revisions"}],"predecessor-version":[{"id":1281,"href":"https:\/\/pasaenmendoza.com\/index.php?rest_route=\/wp\/v2\/posts\/1278\/revisions\/1281"}],"wp:featuredmedia":[{"embeddable":true,"href":"https:\/\/pasaenmendoza.com\/index.php?rest_route=\/wp\/v2\/media\/1279"}],"wp:attachment":[{"href":"https:\/\/pasaenmendoza.com\/index.php?rest_route=%2Fwp%2Fv2%2Fmedia&parent=1278"}],"wp:term":[{"taxonomy":"category","embeddable":true,"href":"https:\/\/pasaenmendoza.com\/index.php?rest_route=%2Fwp%2Fv2%2Fcategories&post=1278"},{"taxonomy":"post_tag","embeddable":true,"href":"https:\/\/pasaenmendoza.com\/index.php?rest_route=%2Fwp%2Fv2%2Ftags&post=1278"}],"curies":[{"name":"wp","href":"https:\/\/api.w.org\/{rel}","templated":true}]}}