{"id":12782,"date":"2025-05-06T16:20:08","date_gmt":"2025-05-06T14:20:08","guid":{"rendered":"https:\/\/pasaenmendoza.com\/?p=12782"},"modified":"2025-05-06T16:20:09","modified_gmt":"2025-05-06T14:20:09","slug":"murieron-dos-personas-en-un-accidente-camino-a-chile","status":"publish","type":"post","link":"https:\/\/pasaenmendoza.com\/?p=12782","title":{"rendered":"Murieron dos personas en un accidente camino a Chile"},"content":{"rendered":"\n<p>Un tr\u00e1gico accidente se produjo durante la ma\u00f1ana de este martes en la Ruta Nacional 7, a unos 24 kil\u00f3metros de la localidad de Uspallata.&nbsp;<strong>Dos personas murieron<\/strong>&nbsp;en un choque entre dos camiones y un Toyota Etios<\/p>\n\n\n\n<p>El hecho ocurri\u00f3 cerca de las 7 de la ma\u00f1ana, cuando Cristian Galdame (43 a\u00f1os y proveniente de Tunuy\u00e1n), un camionero que se dirig\u00eda en sentido hacia Chile, impact\u00f3 contra otro veh\u00edculo de carga que ven\u00eda de frente en direcci\u00f3n hacia la Ciudad<\/p>\n\n\n\n<p>Detr\u00e1s de Galdame ven\u00eda un auto<strong>\u00a0(tambi\u00e9n en direcci\u00f3n al Oeste) conducido por Carlos Walter Tornello (59)<\/strong>, oriundo de Guaymall\u00e9n. quien iba con su hija de 24 a\u00f1os. Tornello impact\u00f3 de\u00a0 atr\u00e1s contra el cami\u00f3n y qued\u00f3 incrustado contra el semi.<\/p>\n\n\n\n<p><strong>El camionero que se dirig\u00eda en sentido hacia el t\u00fanel internacional muri\u00f3 en el acto<\/strong>&nbsp;producto del impacto. El otro camionero qued\u00f3 aprehendido y se le realiz\u00f3 la alcoholemia, dando resultado negativo.<\/p>\n\n\n\n<p><strong>El hombre y la joven que viajaban en el auto sufrieron heridas graves<\/strong>&nbsp;y fueron trasladados al hospital Chrabalowski de Uspallata. En el nosocomio local&nbsp;<strong>muri\u00f3 Carlos Tornello<\/strong>, mientras que la chica contin\u00faa internada y solicitaron su traslado al Hospital Central, a donde<strong>&nbsp;ser\u00e1 trasladada en el helic\u00f3ptero Halc\u00f3n<\/strong>.<\/p>\n\n\n\n<p>La ruta est\u00e1 interrumpida a la altura del ACI Uspallata\u00a0(Estaci\u00f3n YPF) y recomiendan paciencia para quienes quieran viajar para esa zona.\u00a0<\/p>\n\n\n\n<p><strong>Fuente: www.mendozapost.com<\/strong><\/p>\n","protected":false},"excerpt":{"rendered":"<p>Un tr\u00e1gico accidente se produjo durante la ma\u00f1ana de este martes en la Ruta Nacional 7, a unos 24 kil\u00f3metros de la localidad de Uspallata.&nbsp;Dos personas murieron&nbsp;en un choque entre dos camiones y un Toyota Etios El hecho ocurri\u00f3 cerca de las 7 de la ma\u00f1ana, cuando Cristian Galdame (43 a\u00f1os y proveniente de Tunuy\u00e1n), [&hellip;]<\/p>\n","protected":false},"author":2,"featured_media":12783,"comment_status":"open","ping_status":"open","sticky":false,"template":"","format":"standard","meta":[],"categories":[48],"tags":[],"_links":{"self":[{"href":"https:\/\/pasaenmendoza.com\/index.php?rest_route=\/wp\/v2\/posts\/12782"}],"collection":[{"href":"https:\/\/pasaenmendoza.com\/index.php?rest_route=\/wp\/v2\/posts"}],"about":[{"href":"https:\/\/pasaenmendoza.com\/index.php?rest_route=\/wp\/v2\/types\/post"}],"author":[{"embeddable":true,"href":"https:\/\/pasaenmendoza.com\/index.php?rest_route=\/wp\/v2\/users\/2"}],"replies":[{"embeddable":true,"href":"https:\/\/pasaenmendoza.com\/index.php?rest_route=%2Fwp%2Fv2%2Fcomments&post=12782"}],"version-history":[{"count":1,"href":"https:\/\/pasaenmendoza.com\/index.php?rest_route=\/wp\/v2\/posts\/12782\/revisions"}],"predecessor-version":[{"id":12784,"href":"https:\/\/pasaenmendoza.com\/index.php?rest_route=\/wp\/v2\/posts\/12782\/revisions\/12784"}],"wp:featuredmedia":[{"embeddable":true,"href":"https:\/\/pasaenmendoza.com\/index.php?rest_route=\/wp\/v2\/media\/12783"}],"wp:attachment":[{"href":"https:\/\/pasaenmendoza.com\/index.php?rest_route=%2Fwp%2Fv2%2Fmedia&parent=12782"}],"wp:term":[{"taxonomy":"category","embeddable":true,"href":"https:\/\/pasaenmendoza.com\/index.php?rest_route=%2Fwp%2Fv2%2Fcategories&post=12782"},{"taxonomy":"post_tag","embeddable":true,"href":"https:\/\/pasaenmendoza.com\/index.php?rest_route=%2Fwp%2Fv2%2Ftags&post=12782"}],"curies":[{"name":"wp","href":"https:\/\/api.w.org\/{rel}","templated":true}]}}