{"id":12788,"date":"2025-05-07T00:30:11","date_gmt":"2025-05-06T22:30:11","guid":{"rendered":"https:\/\/pasaenmendoza.com\/?p=12788"},"modified":"2025-05-07T00:30:12","modified_gmt":"2025-05-06T22:30:12","slug":"crecen-los-casos-de-sarampion-en-el-pais-cual-es-la-situacion-en-mendoza","status":"publish","type":"post","link":"https:\/\/pasaenmendoza.com\/?p=12788","title":{"rendered":"Crecen los casos de sarampi\u00f3n en el pa\u00eds: cu\u00e1l es la situaci\u00f3n en Mendoza"},"content":{"rendered":"\n<p>Mientras la Ciudad y la provincia de Buenos Aires enfrentan un preocupante aumento de casos de&nbsp;<strong>sarampi\u00f3n<\/strong>,&nbsp;<strong>Mendoza se mantiene sin registros de la enfermedad<\/strong>. Ante este panorama nacional, las autoridades de Epidemiolog\u00eda de la provincia insisten en la importancia de la vigilancia de la enfermedad exantem\u00e1tica febril y la vacunaci\u00f3n como principal herramienta de prevenci\u00f3n.<\/p>\n\n\n\n<p>De acuerdo con el reporte del \u00faltimo Bolet\u00edn Epidemiol\u00f3gico Nacional,&nbsp;<strong>26 son los casos confirmados en todo el pa\u00eds<\/strong>,<strong>&nbsp;la mayor concentraci\u00f3n se registra en la Ciudad Aut\u00f3noma de Buenos Aires<\/strong>&nbsp;(CABA), con 11 casos, principalmente en la Comuna 14 (Palermo), donde se origin\u00f3 la cadena de transmisi\u00f3n entre convivientes y contactos laborales.<\/p>\n\n\n\n<p>En la\u00a0<strong>provincia de Buenos Aires<\/strong>, la situaci\u00f3n tambi\u00e9n genera preocupaci\u00f3n, con 14 casos confirmados, uno de ellos reportado en la \u00faltima semana con nexo epidemiol\u00f3gico establecido. Fuera del AMBA,\u00a0<strong>San Luis<\/strong>\u00a0report\u00f3 un \u00fanico caso, una beba de ocho meses sin vacunaci\u00f3n y con antecedente de viaje a M\u00e9xico.<\/p>\n\n\n\n<h2 class=\"wp-block-heading\" id=\"h-mendoza-con-foco-en-la-prevencion\">Mendoza, con foco en la prevenci\u00f3n<\/h2>\n\n\n\n<p>En contraposici\u00f3n al panorama que se vive en la regi\u00f3n metropolitana,&nbsp;<strong>Mendoza no registra casos de sarampi\u00f3n hasta el momento.<\/strong><\/p>\n\n\n\n<p>Pese a los logros y buenos resultados, desde la cartera refuerzan&nbsp;<strong>la importancia de mantener la vigilancia activa de la enfermedad exantem\u00e1tica febril<\/strong>, que se manifiesta con fiebre y erupci\u00f3n cut\u00e1nea.<\/p>\n\n\n\n<p>Aseguran que \u201cla detecci\u00f3n temprana de cualquier caso sospechoso es fundamental para evitar la propagaci\u00f3n de la enfermedad en la provincia\u201d.<\/p>\n\n\n\n<p>Adem\u00e1s, las autoridades sanitarias&nbsp;<strong>insisten en la necesidad de que la poblaci\u00f3n complete sus esquemas de vacunaci\u00f3n contra el sarampi\u00f3n<\/strong>, especialmente los ni\u00f1os. La vacuna triple viral (SRP), que protege contra el sarampi\u00f3n, las paperas y la rub\u00e9ola, es obligatoria y gratuita y se aplica a los 12 meses y al ingreso escolar.<\/p>\n\n\n\n<p>La dosis es gratuita y se puede aplicar en cualquier vacunatorio de la provincia, no requiere orden m\u00e9dica.<\/p>\n\n\n\n<h2 class=\"wp-block-heading\" id=\"h-que-es-el-sarampion\">\u00bfQu\u00e9 es el sarampi\u00f3n?<\/h2>\n\n\n\n<p>Es una enfermedad viral muy contagiosa y potencialmente grave o fatal, que&nbsp;se propaga f\u00e1cilmente cuando la persona infectada elimina secreciones&nbsp;respiratorias al hablar, toser o estornudar, o por estar en contacto con cualquier objeto contaminado.<\/p>\n\n\n\n<p>Afecta sobre todo a los ni\u00f1os y en algunos casos puede ser letal.<\/p>\n\n\n\n<h2 class=\"wp-block-heading\" id=\"h-cuales-son-los-sintomas\">\u00bfCu\u00e1les son los s\u00edntomas?<\/h2>\n\n\n\n<ul>\n<li>Fiebre alta.<\/li>\n\n\n\n<li>Erupci\u00f3n en la cara y cuello que se va extendiendo al resto del cuerpo.<\/li>\n\n\n\n<li>Secreci\u00f3n nasal, conjuntivitis y tos.<\/li>\n\n\n\n<li>Peque\u00f1as manchas blancas en la cara interna de la mejilla.<\/li>\n<\/ul>\n\n\n\n<p><strong>Fuente: www.elsol.com.ar<\/strong><\/p>\n","protected":false},"excerpt":{"rendered":"<p>Mientras la Ciudad y la provincia de Buenos Aires enfrentan un preocupante aumento de casos de&nbsp;sarampi\u00f3n,&nbsp;Mendoza se mantiene sin registros de la enfermedad. Ante este panorama nacional, las autoridades de Epidemiolog\u00eda de la provincia insisten en la importancia de la vigilancia de la enfermedad exantem\u00e1tica febril y la vacunaci\u00f3n como principal herramienta de prevenci\u00f3n. De [&hellip;]<\/p>\n","protected":false},"author":2,"featured_media":12789,"comment_status":"open","ping_status":"open","sticky":false,"template":"","format":"standard","meta":[],"categories":[58],"tags":[],"_links":{"self":[{"href":"https:\/\/pasaenmendoza.com\/index.php?rest_route=\/wp\/v2\/posts\/12788"}],"collection":[{"href":"https:\/\/pasaenmendoza.com\/index.php?rest_route=\/wp\/v2\/posts"}],"about":[{"href":"https:\/\/pasaenmendoza.com\/index.php?rest_route=\/wp\/v2\/types\/post"}],"author":[{"embeddable":true,"href":"https:\/\/pasaenmendoza.com\/index.php?rest_route=\/wp\/v2\/users\/2"}],"replies":[{"embeddable":true,"href":"https:\/\/pasaenmendoza.com\/index.php?rest_route=%2Fwp%2Fv2%2Fcomments&post=12788"}],"version-history":[{"count":1,"href":"https:\/\/pasaenmendoza.com\/index.php?rest_route=\/wp\/v2\/posts\/12788\/revisions"}],"predecessor-version":[{"id":12790,"href":"https:\/\/pasaenmendoza.com\/index.php?rest_route=\/wp\/v2\/posts\/12788\/revisions\/12790"}],"wp:featuredmedia":[{"embeddable":true,"href":"https:\/\/pasaenmendoza.com\/index.php?rest_route=\/wp\/v2\/media\/12789"}],"wp:attachment":[{"href":"https:\/\/pasaenmendoza.com\/index.php?rest_route=%2Fwp%2Fv2%2Fmedia&parent=12788"}],"wp:term":[{"taxonomy":"category","embeddable":true,"href":"https:\/\/pasaenmendoza.com\/index.php?rest_route=%2Fwp%2Fv2%2Fcategories&post=12788"},{"taxonomy":"post_tag","embeddable":true,"href":"https:\/\/pasaenmendoza.com\/index.php?rest_route=%2Fwp%2Fv2%2Ftags&post=12788"}],"curies":[{"name":"wp","href":"https:\/\/api.w.org\/{rel}","templated":true}]}}