{"id":12795,"date":"2025-05-07T00:58:18","date_gmt":"2025-05-06T22:58:18","guid":{"rendered":"https:\/\/pasaenmendoza.com\/?p=12795"},"modified":"2025-05-07T00:58:19","modified_gmt":"2025-05-06T22:58:19","slug":"el-senado-declaro-a-la-iv-brigada-aerea-como-brigada-heroica-por-su-participacion-en-malvinas","status":"publish","type":"post","link":"https:\/\/pasaenmendoza.com\/?p=12795","title":{"rendered":"El Senado declar\u00f3 a la IV Brigada A\u00e9rea como &#8220;Brigada Heroica&#8221; por su participaci\u00f3n en Malvinas"},"content":{"rendered":"\n<p>El<strong>\u00a0Senado de Mendoza<\/strong>\u00a0otorg\u00f3 este martes una distinci\u00f3n a la\u00a0<strong>IV Brigada A\u00e9rea\u00a0<\/strong>declar\u00e1ndola<strong>\u00a0&#8220;Brigada Heroica&#8221;<\/strong>, por su rol trascendental en la Guerra de las Malvinas. La iniciativa fue impulsada por el diputado Gustavo Cairo (LLA) y respaldada por todos los bloques pol\u00edticos.<\/p>\n\n\n\n<p>El proyecto busca destacar la preparaci\u00f3n que recibieron los aviadores en el CEPAC y el protagonismo del escuadr\u00f3n A-4C Skyhawk durante la<strong>\u00a0Guerra de las Malvinas<\/strong>.<\/p>\n\n\n\n<h2 class=\"wp-block-heading\">Homenaje un\u00e1nime de los senadores<\/h2>\n\n\n\n<p>El proyecto, que ya ven\u00eda con media sanci\u00f3n de la C\u00e1mara de Diputados, fue pensado para rendir homenaje a los pilotos formados en Mendoza que combatieron en la&nbsp;<strong>Guerra de Malvinas<\/strong>.<\/p>\n\n\n\n<p>Durante el debate, el&nbsp;<strong>senador<\/strong>&nbsp;Walther Marcolini, presidente de la Comisi\u00f3n de Legislaci\u00f3n y Asuntos Constitucionales, argument\u00f3 a favor del reconocimiento destacando el papel central que cumpli\u00f3 la&nbsp;<strong>IV Brigada A\u00e9rea<\/strong>. \u201cDesde el CEPAC se formaron combatientes que enfrentaron a una potencia militar con coraje y profesionalismo. Este homenaje es tambi\u00e9n para los nueve pilotos que no regresaron\u201d, expres\u00f3.<\/p>\n\n\n\n<p>El escuadr\u00f3n A-4C Skyhawk, con base en Mendoza y operativo en San Juli\u00e1n durante el conflicto, tuvo una actuaci\u00f3n decisiva: de los 16 aviones desplegados, nueve fueron derribados y sus pilotos fallecieron en combate. Marcolini ley\u00f3 sus nombres en el recinto como parte del homenaje.<\/p>\n\n\n\n<h2 class=\"wp-block-heading\">El recuerdo especial para el brigadier Carlos Tomba<\/h2>\n\n\n\n<p>El reconocimiento del<strong>&nbsp;Senado<\/strong>&nbsp;tambi\u00e9n evoc\u00f3 la figura del brigadier mendocino Carlos Tomba, integrante del escuadr\u00f3n IA-58 Pucar\u00e1, quien fue derribado en mayo de 1982 y estuvo prisionero hasta julio de ese a\u00f1o. El senador record\u00f3 que Tomba fue uno de los impulsores del proyecto junto a Cairo, y que falleci\u00f3 el mismo d\u00eda en que la C\u00e1mara Baja dio media sanci\u00f3n a la distinci\u00f3n.<\/p>\n\n\n\n<p>El respaldo a la iniciativa fue transversal. Germ\u00e1n Vicchi (La Uni\u00f3n Mendocina) destac\u00f3 la importancia de preservar la memoria colectiva. \u201cLa<strong>&nbsp;IV Brigada A\u00e9rea&nbsp;<\/strong>entren\u00f3 a quienes defendieron la soberan\u00eda desde el aire. No puede quedar solo en los libros: debemos recordarlo todos los d\u00edas\u201d, afirm\u00f3. Tambi\u00e9n sumaron su apoyo los senadores Armando Magistretti (PD\/LLA) y Adriana Cano (PJ), entre otros.<\/p>\n\n\n\n<p>Seg\u00fan se detalla en los fundamentos del proyecto, los 28 pilotos de caza y ataque que murieron en combate fueron formados en la IV Brigada A\u00e9rea, que tuvo un papel fundamental en la estrategia a\u00e9rea nacional. La distinci\u00f3n aprobada por la C\u00e1mara de Senadores no solo honra a los ca\u00eddos, sino tambi\u00e9n a quienes regresaron con vida, reconociendo su entrega y valent\u00eda.<\/p>\n\n\n\n<p>Adem\u00e1s, el reconocimiento a la\u00a0<strong>IV Brigada A\u00e9rea<\/strong>\u00a0incluye el listado completo de los 55 integrantes de la\u00a0<strong>Fuerza A\u00e9rea Argentina<\/strong>\u00a0que perdieron la vida en\u00a0<strong>Malvinas<\/strong>, muchos de los cuales compartieron su formaci\u00f3n inicial en la brigada con sede en Mendoza.<\/p>\n\n\n\n<p><strong>Fuente: www.diariouno.com.ar<\/strong><\/p>\n","protected":false},"excerpt":{"rendered":"<p>El\u00a0Senado de Mendoza\u00a0otorg\u00f3 este martes una distinci\u00f3n a la\u00a0IV Brigada A\u00e9rea\u00a0declar\u00e1ndola\u00a0&#8220;Brigada Heroica&#8221;, por su rol trascendental en la Guerra de las Malvinas. La iniciativa fue impulsada por el diputado Gustavo Cairo (LLA) y respaldada por todos los bloques pol\u00edticos. El proyecto busca destacar la preparaci\u00f3n que recibieron los aviadores en el CEPAC y el protagonismo [&hellip;]<\/p>\n","protected":false},"author":2,"featured_media":12796,"comment_status":"open","ping_status":"open","sticky":false,"template":"","format":"standard","meta":[],"categories":[50],"tags":[],"_links":{"self":[{"href":"https:\/\/pasaenmendoza.com\/index.php?rest_route=\/wp\/v2\/posts\/12795"}],"collection":[{"href":"https:\/\/pasaenmendoza.com\/index.php?rest_route=\/wp\/v2\/posts"}],"about":[{"href":"https:\/\/pasaenmendoza.com\/index.php?rest_route=\/wp\/v2\/types\/post"}],"author":[{"embeddable":true,"href":"https:\/\/pasaenmendoza.com\/index.php?rest_route=\/wp\/v2\/users\/2"}],"replies":[{"embeddable":true,"href":"https:\/\/pasaenmendoza.com\/index.php?rest_route=%2Fwp%2Fv2%2Fcomments&post=12795"}],"version-history":[{"count":1,"href":"https:\/\/pasaenmendoza.com\/index.php?rest_route=\/wp\/v2\/posts\/12795\/revisions"}],"predecessor-version":[{"id":12797,"href":"https:\/\/pasaenmendoza.com\/index.php?rest_route=\/wp\/v2\/posts\/12795\/revisions\/12797"}],"wp:featuredmedia":[{"embeddable":true,"href":"https:\/\/pasaenmendoza.com\/index.php?rest_route=\/wp\/v2\/media\/12796"}],"wp:attachment":[{"href":"https:\/\/pasaenmendoza.com\/index.php?rest_route=%2Fwp%2Fv2%2Fmedia&parent=12795"}],"wp:term":[{"taxonomy":"category","embeddable":true,"href":"https:\/\/pasaenmendoza.com\/index.php?rest_route=%2Fwp%2Fv2%2Fcategories&post=12795"},{"taxonomy":"post_tag","embeddable":true,"href":"https:\/\/pasaenmendoza.com\/index.php?rest_route=%2Fwp%2Fv2%2Ftags&post=12795"}],"curies":[{"name":"wp","href":"https:\/\/api.w.org\/{rel}","templated":true}]}}