{"id":12798,"date":"2025-05-07T01:03:32","date_gmt":"2025-05-06T23:03:32","guid":{"rendered":"https:\/\/pasaenmendoza.com\/?p=12798"},"modified":"2025-05-07T01:03:33","modified_gmt":"2025-05-06T23:03:33","slug":"el-pj-elige-a-sus-candidatos-emir-felix-quiere-internas-y-anabel-arranco-con-la-campana","status":"publish","type":"post","link":"https:\/\/pasaenmendoza.com\/?p=12798","title":{"rendered":"El PJ elige a sus candidatos: Emir F\u00e9lix quiere internas y Anabel arranc\u00f3 con la campa\u00f1a"},"content":{"rendered":"\n<p>Con la meta de sortear las divisiones internas y lograr la ansiada unidad, el\u00a0<strong>PJ mendocino<\/strong>\u00a0que comanda Emir F\u00e9lix reuni\u00f3 este lunes a su consejo partidario para acordar c\u00f3mo va a elegir a sus\u00a0<strong>candidatos a diputados nacionales<\/strong>\u00a0tras la suspensi\u00f3n de las\u00a0<strong>PASO nacionales<\/strong>.<\/p>\n\n\n\n<p>Los peronistas se deben la discusi\u00f3n de si avanzan con una interna abierta y cu\u00e1ndo convocarla en medio de un ajetreado calendario electoral para los comicios legislativos de este 2025 que les mete presi\u00f3n.<\/p>\n\n\n\n<p>Por si fuera poco en las \u00faltimas horas se conoci\u00f3 un posteo de la senadora nacional\u00a0<strong>Anabel Fern\u00e1ndez Sagasti\u00a0<\/strong>que bien podr\u00eda leerse como su lanzamiento como candidata a ser diputada nacional. &#8220;Arranc\u00f3 la campa\u00f1a&#8221;, definieron desde su sector.<\/p>\n\n\n\n<p>Por su lado, el ex intendente sure\u00f1o que preside el PJ ya hab\u00eda adelantado que es partidario de avanzar con &#8220;una\u00a0<strong>interna abierta<\/strong>\u00a0para definir los casilleros y no definirlos en una pieza cerrada. Yo no me voy a prestar como presidente del partido a que definamos los candidatos en una pieza cerrada, no ser\u00eda una cosa l\u00f3gica. No estar\u00edamos contribuyendo a mejorar, sino estar\u00edamos empeorando&#8221;, marc\u00f3 tiempo atr\u00e1s.<\/p>\n\n\n\n<p>Por otro lado est\u00e1n quienes creen -aunque no lo digan abiertamente- que esos candidatos debieran salir del congreso partidario, y otro grupo que piensa que ambas posibilidades son ficticias.<\/p>\n\n\n\n<p>Este lunes se vot\u00f3 que el Congreso partidario, que se har\u00e1 el 31 de este mes en San Rafael, sea quien adapte sus reglamentaciones y defina los mecanismos internos para elegir a los candidatos que van a competir en las pr\u00f3ximas elecciones legislativas.<\/p>\n\n\n\n<p>La votaci\u00f3n cont\u00f3 con la\u00a0<strong>participaci\u00f3n de 6 de los 7 intendentes del PJ<\/strong>. Dieron el presente Celso Jaque, Omar F\u00e9lix, Emir Andraos, Flor Dest\u00e9fanis, Fernando Ubieta y Edgardo Gonz\u00e1lez. S\u00f3lo falt\u00f3 el maipucino Mat\u00edas Stevanato, pero desde la conducci\u00f3n aclararon que el intendente no forma parte del consejo y que sus representantes s\u00ed acudieron a votar.<\/p>\n\n\n\n<figure class=\"wp-block-image\"><img decoding=\"async\" src=\"https:\/\/media.diariouno.com.ar\/p\/ef8495930f5911a1cd493ed92e37dc2b\/adjuntos\/298\/imagenes\/009\/545\/0009545777\/1200x0\/smart\/comunicado-del-pj-el-congresojpg.jpg\" alt=\"\" title=\"\"\/><\/figure>\n\n\n\n<h2 class=\"wp-block-heading\">Sagasti y un posteo que se ley\u00f3 como un lanzamiento de candidatura<\/h2>\n\n\n\n<p>Desde antes de que se reuniera el consejo partidario este lunes, la senadora nacional Anabel Fern\u00e1ndez Sagasti viene diciendo que la conducci\u00f3n partidaria no convoca al kirchnerismo para discutir la estrategia electoral del Peronismo.<\/p>\n\n\n\n<p>Ayer, esa queja volvi\u00f3 a materializarse y la vocera fue la concejal lujanina kirchnerista, Paloma Scalco, que reclam\u00f3 un lugar en la discusi\u00f3n que tendr\u00e1 el Congreso partidario.<\/p>\n\n\n\n<p>Pero tras la reuni\u00f3n se difundi\u00f3 un posteo de<strong>&nbsp;Sagasti<\/strong>&nbsp;en sus redes sociales que bien podr\u00eda leerse como un lanzamiento de su candidatura a diputada nacional bajo el t\u00edtulo AFS2025.<\/p>\n\n\n\n<p>Apelando a frases de la actual y popular serie de\u00a0<strong>El Eternauta<\/strong>, la senadora kirchnerista le envi\u00f3 un mensaje a la conducci\u00f3n: &#8220;<strong>Nadie se salva solo<\/strong>. El proyecto es con todos empujando el carro para frenar a Cornejo y Milei! AFS2025&#8243;.<\/p>\n\n\n\n<p><strong>Fuente: www.diariouno.com.ar<\/strong><\/p>\n","protected":false},"excerpt":{"rendered":"<p>Con la meta de sortear las divisiones internas y lograr la ansiada unidad, el\u00a0PJ mendocino\u00a0que comanda Emir F\u00e9lix reuni\u00f3 este lunes a su consejo partidario para acordar c\u00f3mo va a elegir a sus\u00a0candidatos a diputados nacionales\u00a0tras la suspensi\u00f3n de las\u00a0PASO nacionales. Los peronistas se deben la discusi\u00f3n de si avanzan con una interna abierta y [&hellip;]<\/p>\n","protected":false},"author":2,"featured_media":12799,"comment_status":"open","ping_status":"open","sticky":false,"template":"","format":"standard","meta":[],"categories":[47],"tags":[],"_links":{"self":[{"href":"https:\/\/pasaenmendoza.com\/index.php?rest_route=\/wp\/v2\/posts\/12798"}],"collection":[{"href":"https:\/\/pasaenmendoza.com\/index.php?rest_route=\/wp\/v2\/posts"}],"about":[{"href":"https:\/\/pasaenmendoza.com\/index.php?rest_route=\/wp\/v2\/types\/post"}],"author":[{"embeddable":true,"href":"https:\/\/pasaenmendoza.com\/index.php?rest_route=\/wp\/v2\/users\/2"}],"replies":[{"embeddable":true,"href":"https:\/\/pasaenmendoza.com\/index.php?rest_route=%2Fwp%2Fv2%2Fcomments&post=12798"}],"version-history":[{"count":1,"href":"https:\/\/pasaenmendoza.com\/index.php?rest_route=\/wp\/v2\/posts\/12798\/revisions"}],"predecessor-version":[{"id":12800,"href":"https:\/\/pasaenmendoza.com\/index.php?rest_route=\/wp\/v2\/posts\/12798\/revisions\/12800"}],"wp:featuredmedia":[{"embeddable":true,"href":"https:\/\/pasaenmendoza.com\/index.php?rest_route=\/wp\/v2\/media\/12799"}],"wp:attachment":[{"href":"https:\/\/pasaenmendoza.com\/index.php?rest_route=%2Fwp%2Fv2%2Fmedia&parent=12798"}],"wp:term":[{"taxonomy":"category","embeddable":true,"href":"https:\/\/pasaenmendoza.com\/index.php?rest_route=%2Fwp%2Fv2%2Fcategories&post=12798"},{"taxonomy":"post_tag","embeddable":true,"href":"https:\/\/pasaenmendoza.com\/index.php?rest_route=%2Fwp%2Fv2%2Ftags&post=12798"}],"curies":[{"name":"wp","href":"https:\/\/api.w.org\/{rel}","templated":true}]}}