{"id":12801,"date":"2025-05-07T20:24:19","date_gmt":"2025-05-07T18:24:19","guid":{"rendered":"https:\/\/pasaenmendoza.com\/?p=12801"},"modified":"2025-05-07T20:24:20","modified_gmt":"2025-05-07T18:24:20","slug":"vecinos-del-procrear-de-ciudad-reclaman-por-seguridad","status":"publish","type":"post","link":"https:\/\/pasaenmendoza.com\/?p=12801","title":{"rendered":"Vecinos del Procrear de Ciudad reclaman por seguridad"},"content":{"rendered":"\n<p>Los vecinos de los edificios del&nbsp;<strong>Procrear<\/strong>&nbsp;de la Sexta Secci\u00f3n de la Ciudad de Mendoza son v\u00edctimas de constantes hechos de inseguridad. En las \u00faltimas horas, se conocieron im\u00e1genes de robos en las cocheras y de un hombre ingresando por la fuerza a una de las torres. La &#8220;comunidad&#8221; se uni\u00f3 en un reclamo conjunto con un claro mensaje:&nbsp;<strong>seguridad<\/strong>.<\/p>\n\n\n\n<p>Juli\u00e1n\u00a0<strong>Chabert<\/strong>\u00a0fue hasta el lugar para contar en &#8220;Podr\u00eda ser peor&#8221;, por\u00a0<em>Radio Post<\/em>\u00a0(92.1 en el Gran Mendoza, 96.9 en Luj\u00e1n de Cuyo, 100.1 en San Mart\u00edn y 96.7 en La Paz), con Evangelina Arg\u00fcello y equipo.<\/p>\n\n\n\n<p>&#8220;Est\u00e1n tom\u00e1ndonos de puntos en este sector, est\u00e1n ingresando mucho sobre todo palanque\u00e1ndonos las puertas. Los portones de las cocheras tambi\u00e9n. Entran y empiezan a tratar de abrir veh\u00edculos, se han llevado motos y bicicletas&#8221;, explic\u00f3 una vecina.<\/p>\n\n\n\n<p>&#8220;En las noches sobre todo pasa, pero es en todo momento del d\u00eda. Somos puntos del robo lamentablemente&#8221;, desliz\u00f3.<\/p>\n\n\n\n<p>Otra de las vecinas denunci\u00f3 que la situaci\u00f3n es extrema:&nbsp;<strong>&#8220;No se puede vivir as\u00ed, estamos con el coraz\u00f3n en la boca&#8221;<\/strong>.<\/p>\n\n\n\n<p>En las esquinas y por la zona circulan polic\u00edas, pero los vecinos aseguraron que no es suficiente y que los delincuentes tienen estudiados sus movimientos.<\/p>\n\n\n\n<p><strong>Fuente: www.mendozapost.com<\/strong><\/p>\n","protected":false},"excerpt":{"rendered":"<p>Los vecinos de los edificios del&nbsp;Procrear&nbsp;de la Sexta Secci\u00f3n de la Ciudad de Mendoza son v\u00edctimas de constantes hechos de inseguridad. En las \u00faltimas horas, se conocieron im\u00e1genes de robos en las cocheras y de un hombre ingresando por la fuerza a una de las torres. La &#8220;comunidad&#8221; se uni\u00f3 en un reclamo conjunto con [&hellip;]<\/p>\n","protected":false},"author":2,"featured_media":12802,"comment_status":"open","ping_status":"open","sticky":false,"template":"","format":"standard","meta":[],"categories":[48],"tags":[],"_links":{"self":[{"href":"https:\/\/pasaenmendoza.com\/index.php?rest_route=\/wp\/v2\/posts\/12801"}],"collection":[{"href":"https:\/\/pasaenmendoza.com\/index.php?rest_route=\/wp\/v2\/posts"}],"about":[{"href":"https:\/\/pasaenmendoza.com\/index.php?rest_route=\/wp\/v2\/types\/post"}],"author":[{"embeddable":true,"href":"https:\/\/pasaenmendoza.com\/index.php?rest_route=\/wp\/v2\/users\/2"}],"replies":[{"embeddable":true,"href":"https:\/\/pasaenmendoza.com\/index.php?rest_route=%2Fwp%2Fv2%2Fcomments&post=12801"}],"version-history":[{"count":1,"href":"https:\/\/pasaenmendoza.com\/index.php?rest_route=\/wp\/v2\/posts\/12801\/revisions"}],"predecessor-version":[{"id":12803,"href":"https:\/\/pasaenmendoza.com\/index.php?rest_route=\/wp\/v2\/posts\/12801\/revisions\/12803"}],"wp:featuredmedia":[{"embeddable":true,"href":"https:\/\/pasaenmendoza.com\/index.php?rest_route=\/wp\/v2\/media\/12802"}],"wp:attachment":[{"href":"https:\/\/pasaenmendoza.com\/index.php?rest_route=%2Fwp%2Fv2%2Fmedia&parent=12801"}],"wp:term":[{"taxonomy":"category","embeddable":true,"href":"https:\/\/pasaenmendoza.com\/index.php?rest_route=%2Fwp%2Fv2%2Fcategories&post=12801"},{"taxonomy":"post_tag","embeddable":true,"href":"https:\/\/pasaenmendoza.com\/index.php?rest_route=%2Fwp%2Fv2%2Ftags&post=12801"}],"curies":[{"name":"wp","href":"https:\/\/api.w.org\/{rel}","templated":true}]}}