{"id":12813,"date":"2025-05-08T00:25:33","date_gmt":"2025-05-07T22:25:33","guid":{"rendered":"https:\/\/pasaenmendoza.com\/?p=12813"},"modified":"2025-05-08T00:25:34","modified_gmt":"2025-05-07T22:25:34","slug":"asi-sera-el-nuevo-edificio-que-ampliara-la-atencion-en-el-hospital-notti","status":"publish","type":"post","link":"https:\/\/pasaenmendoza.com\/?p=12813","title":{"rendered":"As\u00ed ser\u00e1 el nuevo edificio que ampliar\u00e1 la atenci\u00f3n en el Hospital Notti"},"content":{"rendered":"\n<p>El Gobierno de Mendoza encar\u00f3<strong>&nbsp;la creaci\u00f3n de un moderno edificio que anexar\u00e1 al actual Hospital Notti<\/strong>. Este nuevo espacio, con una superficie estimada de 10.000 metros cuadrados, est\u00e1 dise\u00f1ado para&nbsp;<strong>centralizar la atenci\u00f3n ambulatoria y el hospital de d\u00eda<\/strong>&nbsp;y&nbsp;<strong>podr\u00eda comenzar a funcionar en dos a\u00f1os<\/strong>, aproximadamente.<\/p>\n\n\n\n<p>La obra, anunciada por el gobernador&nbsp;<strong>Alfredo Cornejo<\/strong>, promete refuncionalizar la atenci\u00f3n pedi\u00e1trica y mejorar significativamente la calidad de vida de los pacientes y sus familias.<\/p>\n\n\n\n<p>\u201c<em>El objetivo principal es separar la atenci\u00f3n de pacientes ambulatorios de aquellos que requieren internaci\u00f3n, mejorando as\u00ed la calidad de la atenci\u00f3n y disminuyendo el riesgo de infecciones intrahospitalarias<\/em>\u201c, explic\u00f3<em>,<\/em>\u00a0la directora del Hospital Humberto Notti,\u00a0<strong>Laura Piovano<\/strong>.<\/p>\n\n\n\n<h2 class=\"wp-block-heading\" id=\"h-que-cambiara-con-el-nuevo-edificio\">\u00bfQu\u00e9 cambiar\u00e1 con el nuevo edificio?<\/h2>\n\n\n\n<p>La construcci\u00f3n del nuevo edificio ambulatorio y hospital de d\u00eda impactar\u00e1 directamente en varios aspectos clave de la atenci\u00f3n que brinda el hospital pedi\u00e1trico.<\/p>\n\n\n\n<p>\u201c<em>Uno de los cambios tiene que ver con la centralizaci\u00f3n de la atenci\u00f3n ambulatoria. Todas las consultas externas de las diferentes especialidades pedi\u00e1tricas<\/em>&nbsp;(que actualmente funcionan en un espacio ubicado frente al Notti)&nbsp;<em>se trasladar\u00e1n al nuevo edificio. Esto facilitar\u00e1 el acceso de los pacientes y sus familias a los consultorios, evitando la congesti\u00f3n en el edificio principal<\/em>\u201d, cont\u00f3 la m\u00e9dica.<\/p>\n\n\n\n<p>Adem\u00e1s,<strong>&nbsp;se construir\u00e1 un hospital de d\u00eda que las autoridades definieron como moderno y confortable<\/strong>, que tendr\u00e1 \u00e1reas espec\u00edficas.<\/p>\n\n\n\n<p>\u201c<em>El nuevo espacio permitir\u00e1 la realizaci\u00f3n de tratamientos y procedimientos que no requieren internaci\u00f3n en un entorno m\u00e1s c\u00f3modo y adecuado para los ni\u00f1os. Esto incluye la administraci\u00f3n de medicaci\u00f3n endovenosa, transfusiones, estudios diagn\u00f3sticos y terapias ambulatorias<\/em>\u201d, detall\u00f3.<\/p>\n\n\n\n<p>Al trasladarse la atenci\u00f3n ambulatoria, el edificio hist\u00f3rico del Notti podr\u00e1 reorganizar sus espacios, porque la direcci\u00f3n quiere fortalecer las \u00e1reas de internaci\u00f3n, terapia intensiva y otros servicios que requieren mayor infraestructura y complejidad.<\/p>\n\n\n\n<p>El proyecto tambi\u00e9n contempla salas de espera m\u00e1s amplias y confortables, espacios de juegos y \u00e1reas de contenci\u00f3n emocional para las familias y los pacientes.<\/p>\n\n\n\n<h2 class=\"wp-block-heading\" id=\"h-cuando-podria-estar-habilitado\">\u00bfCu\u00e1ndo podr\u00eda estar habilitado?<\/h2>\n\n\n\n<p>Seg\u00fan estimaciones en Salud, la construcci\u00f3n del nuevo edificio ambulatorio y hospital de d\u00eda<strong>&nbsp;podr\u00eda demandar alrededor de dos a\u00f1os<\/strong>&nbsp;hasta su puesta en funcionamiento.<\/p>\n\n\n\n<p>El plazo incluye las etapas de dise\u00f1o final, licitaci\u00f3n, construcci\u00f3n y equipamiento, seg\u00fan indic\u00f3 Pirovano.<\/p>\n\n\n\n<h2 class=\"wp-block-heading\" id=\"h-se-reduciran-los-tiempos-de-espera-a-la-hora-de-sacar-un-turno\">\u00bfSe reducir\u00e1n los tiempos de espera a la hora de sacar un turno?<\/h2>\n\n\n\n<p>Al ser consultada si esta mega obra viene acompa\u00f1ada con la presencia de m\u00e1s profesionales activos, lo que permitir\u00e1 reducir el tiempo de espera a la hora de programar u turno, Piovano expres\u00f3:<strong>\u00a0\u201c<em>El recurso humano no va a depender de la obra, sino que depende de muchas otras cosas<\/em>\u201d.<\/strong>\u201c<em>El espacio f\u00edsico \u00a0lo vamos a tener y ojal\u00e1 podamos tener m\u00e1s profesionales para poder satisfacer la demanda existente, pero no es algo que dependa de nosotros<\/em>\u201d, explic\u00f3 Piovano y agreg\u00f3. \u201c<em>Lo que s\u00ed se puede asegurar con esta obra es que el n\u00famero de camas de internaci\u00f3n se ver\u00eda probablemente aumentado<\/em>\u201d.<\/p>\n\n\n\n<p><strong>Fuente: www.elsol.com.ar<\/strong><\/p>\n","protected":false},"excerpt":{"rendered":"<p>El Gobierno de Mendoza encar\u00f3&nbsp;la creaci\u00f3n de un moderno edificio que anexar\u00e1 al actual Hospital Notti. Este nuevo espacio, con una superficie estimada de 10.000 metros cuadrados, est\u00e1 dise\u00f1ado para&nbsp;centralizar la atenci\u00f3n ambulatoria y el hospital de d\u00eda&nbsp;y&nbsp;podr\u00eda comenzar a funcionar en dos a\u00f1os, aproximadamente. La obra, anunciada por el gobernador&nbsp;Alfredo Cornejo, promete refuncionalizar la [&hellip;]<\/p>\n","protected":false},"author":2,"featured_media":12814,"comment_status":"open","ping_status":"open","sticky":false,"template":"","format":"standard","meta":[],"categories":[58],"tags":[],"_links":{"self":[{"href":"https:\/\/pasaenmendoza.com\/index.php?rest_route=\/wp\/v2\/posts\/12813"}],"collection":[{"href":"https:\/\/pasaenmendoza.com\/index.php?rest_route=\/wp\/v2\/posts"}],"about":[{"href":"https:\/\/pasaenmendoza.com\/index.php?rest_route=\/wp\/v2\/types\/post"}],"author":[{"embeddable":true,"href":"https:\/\/pasaenmendoza.com\/index.php?rest_route=\/wp\/v2\/users\/2"}],"replies":[{"embeddable":true,"href":"https:\/\/pasaenmendoza.com\/index.php?rest_route=%2Fwp%2Fv2%2Fcomments&post=12813"}],"version-history":[{"count":1,"href":"https:\/\/pasaenmendoza.com\/index.php?rest_route=\/wp\/v2\/posts\/12813\/revisions"}],"predecessor-version":[{"id":12815,"href":"https:\/\/pasaenmendoza.com\/index.php?rest_route=\/wp\/v2\/posts\/12813\/revisions\/12815"}],"wp:featuredmedia":[{"embeddable":true,"href":"https:\/\/pasaenmendoza.com\/index.php?rest_route=\/wp\/v2\/media\/12814"}],"wp:attachment":[{"href":"https:\/\/pasaenmendoza.com\/index.php?rest_route=%2Fwp%2Fv2%2Fmedia&parent=12813"}],"wp:term":[{"taxonomy":"category","embeddable":true,"href":"https:\/\/pasaenmendoza.com\/index.php?rest_route=%2Fwp%2Fv2%2Fcategories&post=12813"},{"taxonomy":"post_tag","embeddable":true,"href":"https:\/\/pasaenmendoza.com\/index.php?rest_route=%2Fwp%2Fv2%2Ftags&post=12813"}],"curies":[{"name":"wp","href":"https:\/\/api.w.org\/{rel}","templated":true}]}}