{"id":12819,"date":"2025-05-08T00:32:26","date_gmt":"2025-05-07T22:32:26","guid":{"rendered":"https:\/\/pasaenmendoza.com\/?p=12819"},"modified":"2025-05-08T00:32:27","modified_gmt":"2025-05-07T22:32:27","slug":"mendoza-estrena-su-vuelo-directo-a-rio-de-janeiro-operado-por-jetsmart","status":"publish","type":"post","link":"https:\/\/pasaenmendoza.com\/?p=12819","title":{"rendered":"Mendoza estrena su vuelo directo a R\u00edo de Janeiro operado por Jetsmart"},"content":{"rendered":"\n<p><strong>Jetsmart\u00a0<\/strong>decidi\u00f3 estrenar la ruta a\u00e9rea entre\u00a0<strong>Mendoza<\/strong>\u00a0y\u00a0<strong>R\u00edo de Janeiro<\/strong>\u00a0el pr\u00f3ximo fin de semana. As\u00ed, la provincia contar\u00e1 a mitad de a\u00f1o con dos conexiones y\u00a0<strong>vuelos<\/strong>\u00a0directos entre la provincia y Brasil.<\/p>\n\n\n\n<p>Desde el&nbsp;<strong>viernes 9 de mayo<\/strong>, quienes embarquen en el aeropuerto internacional El Plumerillo estar\u00e1n en la populosa R\u00edo en poco&nbsp;<strong>m\u00e1s de 3 horas y media<\/strong>. Y podr\u00e1n volver en alrededor de 4 horas y media.<\/p>\n\n\n\n<p>En principio, el pasaje ida y vuelta parte desde los&nbsp;<strong>277 d\u00f3lares<\/strong>&nbsp;<strong>por persona,&nbsp;<\/strong>inclu\u00eddas tasas aeroportuarias.<\/p>\n\n\n\n<p>La nueva\u00a0ruta a\u00e9rea entre Mendoza y R\u00edo se hab\u00eda anunciado el 6 de marzo. Fue una presentaci\u00f3n conjunta de directivos de Jetsmart en Casa de Gobierno, con el gobernador Alfredo Cornejo acompa\u00f1ado por la titular del Emetur, Gabriela Testa.<\/p>\n\n\n\n<p>As\u00ed, Mendoza tendr\u00e1 m\u00e1s conectividad con Brasil este a\u00f1o. Es que antes de confirmarse la ruta a R\u00edo, el propio Cornejo hab\u00eda anticipado un\u00a0vuelo directo desde Campinas, en San Pablo, a la provincia, aunque\u00a0<strong>s\u00f3lo receptivo desde junio<\/strong>.<\/p>\n\n\n\n<h2 class=\"wp-block-heading\">Frecuencias de vuelos a R\u00edo de Janeiro<\/h2>\n\n\n\n<p>Respecto al nuevo destino, Jetsmart confirm\u00f3 que operar\u00e1&nbsp;<strong>2 frecuencias semanales.&nbsp;<\/strong>Sus aviones Airbus A320 y A321 tienen capacidad para transportar&nbsp;<strong>entre 140 y 180 pasajeros<\/strong>.<\/p>\n\n\n\n<p>Esto implica&nbsp;<strong>vuelos viernes y domingos<\/strong>, de ida y de vuelta, como parte de una ruta que incluye a Santiago de Chile. Es que los aviones de Jetsmart saldr\u00e1n desde Mendoza provenientes de la capital chilena, para luego despegar rumbo a R\u00edo.<\/p>\n\n\n\n<p>Los precios depender\u00e1n de la disponibilidad, fechas y escalas en el retorno a Mendoza. Es que la pizarra ofrece volver desde el estado carioca los&nbsp;<strong>lunes con al menos una escala<\/strong>, con lo cual la&nbsp;<strong>llegada a la provincia puede llevar entre 9 y 24 horas<\/strong>.<\/p>\n\n\n\n<p>Actualmente, la aerol\u00ednea de origen estadounidense cuenta con una flota de&nbsp;<strong>44 Airbus&nbsp;<\/strong>para operar todas sus rutas.<\/p>\n\n\n\n<p>&#8220;Es una de las flotas m\u00e1s j\u00f3venes y modernas del continente. Eso respalda nuestra eficiencia y capacidad operativa&#8221; indicaron desde Jetsmart.<\/p>\n\n\n\n<p><strong>Fuente: www.diariouno.com.ar<\/strong><\/p>\n","protected":false},"excerpt":{"rendered":"<p>Jetsmart\u00a0decidi\u00f3 estrenar la ruta a\u00e9rea entre\u00a0Mendoza\u00a0y\u00a0R\u00edo de Janeiro\u00a0el pr\u00f3ximo fin de semana. As\u00ed, la provincia contar\u00e1 a mitad de a\u00f1o con dos conexiones y\u00a0vuelos\u00a0directos entre la provincia y Brasil. Desde el&nbsp;viernes 9 de mayo, quienes embarquen en el aeropuerto internacional El Plumerillo estar\u00e1n en la populosa R\u00edo en poco&nbsp;m\u00e1s de 3 horas y media. Y [&hellip;]<\/p>\n","protected":false},"author":2,"featured_media":12820,"comment_status":"open","ping_status":"open","sticky":false,"template":"","format":"standard","meta":[],"categories":[64],"tags":[],"_links":{"self":[{"href":"https:\/\/pasaenmendoza.com\/index.php?rest_route=\/wp\/v2\/posts\/12819"}],"collection":[{"href":"https:\/\/pasaenmendoza.com\/index.php?rest_route=\/wp\/v2\/posts"}],"about":[{"href":"https:\/\/pasaenmendoza.com\/index.php?rest_route=\/wp\/v2\/types\/post"}],"author":[{"embeddable":true,"href":"https:\/\/pasaenmendoza.com\/index.php?rest_route=\/wp\/v2\/users\/2"}],"replies":[{"embeddable":true,"href":"https:\/\/pasaenmendoza.com\/index.php?rest_route=%2Fwp%2Fv2%2Fcomments&post=12819"}],"version-history":[{"count":1,"href":"https:\/\/pasaenmendoza.com\/index.php?rest_route=\/wp\/v2\/posts\/12819\/revisions"}],"predecessor-version":[{"id":12821,"href":"https:\/\/pasaenmendoza.com\/index.php?rest_route=\/wp\/v2\/posts\/12819\/revisions\/12821"}],"wp:featuredmedia":[{"embeddable":true,"href":"https:\/\/pasaenmendoza.com\/index.php?rest_route=\/wp\/v2\/media\/12820"}],"wp:attachment":[{"href":"https:\/\/pasaenmendoza.com\/index.php?rest_route=%2Fwp%2Fv2%2Fmedia&parent=12819"}],"wp:term":[{"taxonomy":"category","embeddable":true,"href":"https:\/\/pasaenmendoza.com\/index.php?rest_route=%2Fwp%2Fv2%2Fcategories&post=12819"},{"taxonomy":"post_tag","embeddable":true,"href":"https:\/\/pasaenmendoza.com\/index.php?rest_route=%2Fwp%2Fv2%2Ftags&post=12819"}],"curies":[{"name":"wp","href":"https:\/\/api.w.org\/{rel}","templated":true}]}}