{"id":12831,"date":"2025-05-08T16:42:56","date_gmt":"2025-05-08T14:42:56","guid":{"rendered":"https:\/\/pasaenmendoza.com\/?p=12831"},"modified":"2025-05-08T16:42:57","modified_gmt":"2025-05-08T14:42:57","slug":"murio-la-mujer-que-habia-quedado-gravemente-herida-tras-el-accidente-en-alta-montana","status":"publish","type":"post","link":"https:\/\/pasaenmendoza.com\/?p=12831","title":{"rendered":"Muri\u00f3 la mujer que hab\u00eda quedado gravemente herida tras el accidente en alta monta\u00f1a"},"content":{"rendered":"\n<p>Este jueves por la ma\u00f1ana se conoci\u00f3 que el&nbsp;<strong>accidente en alta monta\u00f1a<\/strong>, que hab\u00eda dejado a dos personas fallecidas, sum\u00f3 a la tercera v\u00edctima fatal al conocerse la muerte de la mujer que estaba gravemente herida con traumatismos faciales y de cr\u00e1neo.<\/p>\n\n\n\n<p><strong>Rosana Flores<\/strong>\u00a0tuvo que ser trasladada en helic\u00f3ptero al\u00a0<strong>Hospital Central<\/strong>\u00a0en estado desesperante minutos despu\u00e9s de un triple choque\u00a0<strong>entre dos camiones<\/strong>\u00a0y un auto en el que viajaba con su marido,\u00a0<strong>Walter Tornello<\/strong>, quien tambi\u00e9n muri\u00f3. El otro fallecido fue el camionero Cristian Galdame, que iba a bordo de un Scania.<\/p>\n\n\n\n<p>La mujer de 54 a\u00f1os ingres\u00f3 a Terapia Intensiva con traumatismo craneoencef\u00e1lico y facial. Los m\u00e9dicos debieron intervenirla quir\u00fargicamente de urgencia y qued\u00f3 en grave estado.\u00a0<strong>Desde el nosocomio confirmaron su fallecimiento este jueves.<\/strong><\/p>\n\n\n\n<p>El accidente fatal sucedi\u00f3 pasadas las 7 del pasado martes en el kil\u00f3metro 1174 de la ruta 7, a unos 30 kil\u00f3metros de Uspallata, en direcci\u00f3n al Paso internacional con el vecino pa\u00eds. La escena fue dram\u00e1tica: uno de los camiones volc\u00f3 y el Toyota qued\u00f3 completamente aplastado bajo el remolque.<\/p>\n\n\n\n<p>Por la tarde del mi\u00e9rcoles, el fiscal de\u00a0Tr\u00e1nsito Fernando Giunta<strong>\u00a0<\/strong>imput\u00f3 al camionero de 27 a\u00f1os que, seg\u00fan la investigaci\u00f3n preliminar, habr\u00eda sido el responsable del tr\u00e1gico choque ocurrido el martes en la Ruta 7 que\u00a0<strong>dej\u00f3 como saldo ahora a tres personas fallecidas.\u00a0<\/strong>Se trata de Exequiel Nicol\u00e1s Salas, que manejaba el Mercedes Benz.<\/p>\n\n\n\n<p><strong>Fuente: www.elsol.com.ar<\/strong><\/p>\n","protected":false},"excerpt":{"rendered":"<p>Este jueves por la ma\u00f1ana se conoci\u00f3 que el&nbsp;accidente en alta monta\u00f1a, que hab\u00eda dejado a dos personas fallecidas, sum\u00f3 a la tercera v\u00edctima fatal al conocerse la muerte de la mujer que estaba gravemente herida con traumatismos faciales y de cr\u00e1neo. Rosana Flores\u00a0tuvo que ser trasladada en helic\u00f3ptero al\u00a0Hospital Central\u00a0en estado desesperante minutos despu\u00e9s [&hellip;]<\/p>\n","protected":false},"author":2,"featured_media":12832,"comment_status":"open","ping_status":"open","sticky":false,"template":"","format":"standard","meta":[],"categories":[48],"tags":[],"_links":{"self":[{"href":"https:\/\/pasaenmendoza.com\/index.php?rest_route=\/wp\/v2\/posts\/12831"}],"collection":[{"href":"https:\/\/pasaenmendoza.com\/index.php?rest_route=\/wp\/v2\/posts"}],"about":[{"href":"https:\/\/pasaenmendoza.com\/index.php?rest_route=\/wp\/v2\/types\/post"}],"author":[{"embeddable":true,"href":"https:\/\/pasaenmendoza.com\/index.php?rest_route=\/wp\/v2\/users\/2"}],"replies":[{"embeddable":true,"href":"https:\/\/pasaenmendoza.com\/index.php?rest_route=%2Fwp%2Fv2%2Fcomments&post=12831"}],"version-history":[{"count":1,"href":"https:\/\/pasaenmendoza.com\/index.php?rest_route=\/wp\/v2\/posts\/12831\/revisions"}],"predecessor-version":[{"id":12833,"href":"https:\/\/pasaenmendoza.com\/index.php?rest_route=\/wp\/v2\/posts\/12831\/revisions\/12833"}],"wp:featuredmedia":[{"embeddable":true,"href":"https:\/\/pasaenmendoza.com\/index.php?rest_route=\/wp\/v2\/media\/12832"}],"wp:attachment":[{"href":"https:\/\/pasaenmendoza.com\/index.php?rest_route=%2Fwp%2Fv2%2Fmedia&parent=12831"}],"wp:term":[{"taxonomy":"category","embeddable":true,"href":"https:\/\/pasaenmendoza.com\/index.php?rest_route=%2Fwp%2Fv2%2Fcategories&post=12831"},{"taxonomy":"post_tag","embeddable":true,"href":"https:\/\/pasaenmendoza.com\/index.php?rest_route=%2Fwp%2Fv2%2Ftags&post=12831"}],"curies":[{"name":"wp","href":"https:\/\/api.w.org\/{rel}","templated":true}]}}