{"id":12835,"date":"2025-05-08T16:49:18","date_gmt":"2025-05-08T14:49:18","guid":{"rendered":"https:\/\/pasaenmendoza.com\/?p=12835"},"modified":"2025-05-08T16:49:19","modified_gmt":"2025-05-08T14:49:19","slug":"cae-cornejo-en-el-ranking-de-gobernadores-y-un-mendocino-lidera-el-de-intendentes","status":"publish","type":"post","link":"https:\/\/pasaenmendoza.com\/?p=12835","title":{"rendered":"Cae Cornejo en el r\u00e1nking de gobernadores y un mendocino lidera el de intendentes"},"content":{"rendered":"\n<p>Una vez m\u00e1s, la consultora CB public\u00f3 el<strong>&nbsp;Ranking Interprovincial de Gobernadores y Principales Intendentes a Nivel Federal<\/strong>. En este mes de mayo, la encuesta se realiz\u00f3 entre los d\u00edas 1 y 4, y abarc\u00f3 23 provincias, con un total de m\u00e1s de 18 mil casos.<\/p>\n\n\n\n<p>Mayo mostr\u00f3 un\u00a0<strong>nuevo descenso por parte del gobernador Alfredo Cornejo<\/strong>, mientras que un intendente mendocino se ubic\u00f3 en el tope de los que cuentan con mejor imagen. El mandatario provincial, que se encontraba en el\u00a0Puesto N\u00b018 a nivel nacional durante abril, se encuentra en el\u00a0<strong>Puesto N\u00b019 durante el mes de mayo<\/strong>.<\/p>\n\n\n\n<p><strong>C\u00f3mo qued\u00f3 el ranking de gobernadores<\/strong><\/p>\n\n\n\n<p>Seg\u00fan revela el informe, los tres gobernadores mejor valorados de este mes por sus coprovincianos fueron:&nbsp;<strong>Osvaldo Jaldo (Tucum\u00e1n)<\/strong>, quien lidera con un&nbsp;<strong>61,5% de imagen positiva<\/strong>, seguido por<strong>&nbsp;Leandro Zdero (Chaco) con un 61,2%<\/strong>, y en tercer lugar&nbsp;<strong>Ignacio Torres (Chubut) con un 60,8%<\/strong>.<\/p>\n\n\n\n<p>Por su parte, los gobernadores peor calificados del mes de mayo de 2025 fueron: en \u00faltimo lugar,\u00a0<strong>Ricardo Quintela (La Rioja) con un 41,4%<\/strong>\u00a0de imagen positiva, seguido por\u00a0<strong>Axel Kicillof (Provincia de Buenos Aires) con un 43,4%<\/strong>, y luego\u00a0<strong>Alberto Weretilneck (R\u00edo Negro) con un 43,6%<\/strong>.\u00a0<\/p>\n\n\n\n<p>El gobernador de Mendoza qued\u00f3 con un 47,9% de imagen positiva y un 47,3% de imagen negativa. Si bien su imagen positiva aument\u00f3 durante el \u00faltimo mes, su lugar en la tabla se modific\u00f3 y descendi\u00f3 un lugar.<\/p>\n\n\n\n<p>Por su parte el gobernador que m\u00e1s creci\u00f3 en el mes de mayo de 2025 en comparaci\u00f3n con la medici\u00f3n anterior fue Claudio Vidal, de Santa Cruz, quien registr\u00f3 un incremento de +4,2% en su imagen positiva. Por el contrario, el gobernador que m\u00e1s cay\u00f3 fue Gerardo Zamora, de Santiago del Estero, con una disminuci\u00f3n de -2,8% en su imagen positiva<\/p>\n\n\n\n<p><strong>Stevanato lidera el r\u00e1nking de intendentes<\/strong><\/p>\n\n\n\n<p>Por su parte, el ranking federal de intendentes es liderado por un mendocino, el maipucino\u00a0<strong>Mat\u00edas Stevanato<\/strong>. El jefe comunal del mencionado departamento cuenta con un\u00a0<strong>61,3% de aprobaci\u00f3n<\/strong>, seguido por Leonardo Stelatto (Posadas) con un 60,4%, y en tercer lugar Eduardo Tassano (Corrientes Capital) con un 60% de imagen positiva.<\/p>\n\n\n\n<p>Por su parte, los intendentes peor calificados del mes de mayo de 2025 fueron: en \u00faltimo lugar, Julio Alak (La Plata) con un 36,3% de imagen positiva, seguido por Walter Cort\u00e9s (Bariloche) con un 36,5%, y luego Pablo Grasso (R\u00edo Gallegos) con un 36,9% de aprobaci\u00f3n.<\/p>\n\n\n\n<p>En tanto que el intendente que m\u00e1s creci\u00f3 en el mes de mayo de 2025, en comparaci\u00f3n con la medici\u00f3n anterior, fue Gast\u00f3n Hissa, de la ciudad de San Luis, quien registr\u00f3 un incremento de +3,2% en su imagen positiva. En cambio, el intendente que m\u00e1s cay\u00f3 fue Julio Alak, de La Plata, quien tuvo una disminuci\u00f3n de -2,6% en su imagen positiva.<\/p>\n\n\n\n<p>Por su parte, el otro mendocino medido en este estudio se posicion\u00f3 en el Top 10 nacional. Se trata de\u00a0<strong>Ulpiano Suarez<\/strong>, quien con un 55,7% de imagen positiva y un 40,7% de imagen negativa qued\u00f3 en el\u00a0<strong>10\u00b0 lugar.<\/strong>\u00a0Adem\u00e1s, cabe destacar que la imagen positiva de &#8220;Yayo&#8221; subi\u00f3 un 0,6% con relaci\u00f3n al mes anterior.<\/p>\n\n\n\n<p><strong>Fuente: www.mendozapost.com<\/strong><\/p>\n","protected":false},"excerpt":{"rendered":"<p>Una vez m\u00e1s, la consultora CB public\u00f3 el&nbsp;Ranking Interprovincial de Gobernadores y Principales Intendentes a Nivel Federal. En este mes de mayo, la encuesta se realiz\u00f3 entre los d\u00edas 1 y 4, y abarc\u00f3 23 provincias, con un total de m\u00e1s de 18 mil casos. Mayo mostr\u00f3 un\u00a0nuevo descenso por parte del gobernador Alfredo Cornejo, [&hellip;]<\/p>\n","protected":false},"author":2,"featured_media":12836,"comment_status":"open","ping_status":"open","sticky":false,"template":"","format":"standard","meta":[],"categories":[47],"tags":[],"_links":{"self":[{"href":"https:\/\/pasaenmendoza.com\/index.php?rest_route=\/wp\/v2\/posts\/12835"}],"collection":[{"href":"https:\/\/pasaenmendoza.com\/index.php?rest_route=\/wp\/v2\/posts"}],"about":[{"href":"https:\/\/pasaenmendoza.com\/index.php?rest_route=\/wp\/v2\/types\/post"}],"author":[{"embeddable":true,"href":"https:\/\/pasaenmendoza.com\/index.php?rest_route=\/wp\/v2\/users\/2"}],"replies":[{"embeddable":true,"href":"https:\/\/pasaenmendoza.com\/index.php?rest_route=%2Fwp%2Fv2%2Fcomments&post=12835"}],"version-history":[{"count":1,"href":"https:\/\/pasaenmendoza.com\/index.php?rest_route=\/wp\/v2\/posts\/12835\/revisions"}],"predecessor-version":[{"id":12837,"href":"https:\/\/pasaenmendoza.com\/index.php?rest_route=\/wp\/v2\/posts\/12835\/revisions\/12837"}],"wp:featuredmedia":[{"embeddable":true,"href":"https:\/\/pasaenmendoza.com\/index.php?rest_route=\/wp\/v2\/media\/12836"}],"wp:attachment":[{"href":"https:\/\/pasaenmendoza.com\/index.php?rest_route=%2Fwp%2Fv2%2Fmedia&parent=12835"}],"wp:term":[{"taxonomy":"category","embeddable":true,"href":"https:\/\/pasaenmendoza.com\/index.php?rest_route=%2Fwp%2Fv2%2Fcategories&post=12835"},{"taxonomy":"post_tag","embeddable":true,"href":"https:\/\/pasaenmendoza.com\/index.php?rest_route=%2Fwp%2Fv2%2Ftags&post=12835"}],"curies":[{"name":"wp","href":"https:\/\/api.w.org\/{rel}","templated":true}]}}