{"id":12838,"date":"2025-05-08T23:47:58","date_gmt":"2025-05-08T21:47:58","guid":{"rendered":"https:\/\/pasaenmendoza.com\/?p=12838"},"modified":"2025-05-08T23:47:59","modified_gmt":"2025-05-08T21:47:59","slug":"el-ministro-de-salud-explico-por-que-se-complica-resolver-el-conflicto-con-los-traumatologos","status":"publish","type":"post","link":"https:\/\/pasaenmendoza.com\/?p=12838","title":{"rendered":"El ministro de Salud explic\u00f3 por qu\u00e9 se complica resolver el conflicto con los traumat\u00f3logos"},"content":{"rendered":"\n<p>Hace m\u00e1s de un mes comenz\u00f3 la&nbsp;<strong>crisis entre traumat\u00f3logos y el PAMI<\/strong>&nbsp;en&nbsp;<strong>Mendoza<\/strong>. Los especialistas decidieron renunciar a su actividad en las cl\u00ednicas privadas y, desde entonces,&nbsp;<strong>los pacientes se quedaron sin atenci\u00f3n de urgencias, emergencias y cirug\u00edas programadas.<\/strong><\/p>\n\n\n\n<p>El panorama fue desesperante, a tal punto que, en las \u00faltimas semanas, los gerenciadores de las c\u00ednicas decidieron, de motus propio, arreglar econ\u00f3micamente con los profesionales. Los acuerdos son temporales e incluye s\u00f3lo urgencias.<\/p>\n\n\n\n<p>Frente a este panorama, el ministro de Salud,&nbsp;<strong>Rodolfo Montero<\/strong>, manifest\u00f3 su preocupaci\u00f3n por la situaci\u00f3n y asegur\u00f3 que&nbsp;<strong>\u201c<em>est\u00e1n trabajando con las autoridades de PAMI a nivel nacional para destrabar el conflicto<\/em>\u201c.<\/strong><\/p>\n\n\n\n<p>Hay que decir que el problema no involucra a la Provincia, sino a la obra social nacional, que en Mendoza est\u00e1 a cargo de<strong>&nbsp;David Litvinchuk<\/strong>, y las cl\u00ednicas privadas, con los profesionales de la salud. En este caso, la Provincia est\u00e1 mediando y tratando de resolver las urgencias en los efectores p\u00fablicos.<\/p>\n\n\n\n<h2 class=\"wp-block-heading\" id=\"h-un-conflicto-dificil-de-resolver\">Un conflicto dif\u00edcil de resolver<\/h2>\n\n\n\n<p>\u201c<em>Veo posturas muy extremas y muy poca flexibilidad por parte de los traumat\u00f3logos y las cl\u00ednicas privadas y, en el medio, abuelos que tienen problemas de salud que hay que solucion\u00e1rselos urgente. Muchos llevan m\u00e1s de 40 d\u00edas de espera, la situaci\u00f3n es compleja<\/em>\u201c, advirti\u00f3 el ministro.<\/p>\n\n\n\n<p>Montero explic\u00f3 que han tenido reuniones con autoridades nacionales de PAMI y con los actores de Mendoza para arribar a una pronta soluci\u00f3n.<\/p>\n\n\n\n<p>\u201c<em>Esto es una problem\u00e1tica dif\u00edcil porque el organismo nacional, responsable de los honorarios de los profesionales, no paga en Mendoza de una manera y en otros lugares de otra; tampoco paga por prestaci\u00f3n traumatol\u00f3gica, tal como exigen los especialistas locales, sino que cada profesional cobra per c\u00e1pita. Es decir, PAMI abona a las cl\u00ednicas una suma fija mensual por afiliado<\/em>\u201c, grafic\u00f3 Montero.<\/p>\n\n\n\n<p>El titular de la cartera sanitaria reconoci\u00f3 que cambiar ese modelo de pago no es una tarea sencilla, sobre todo, porque deber\u00eda modificarse a nivel nacional -PAMI no puede pagar de manera diferenciada-.<\/p>\n\n\n\n<h2 class=\"wp-block-heading\" id=\"h-el-inicio-del-conflicto\">El inicio del conflicto<\/h2>\n\n\n\n<p>El quiebre entre los<strong>&nbsp;traumat\u00f3logos de Mendoza<\/strong>&nbsp;y el&nbsp;<strong>PAMI<\/strong>&nbsp; arranc\u00f3 en noviembre del 2024 y en abril de este a\u00f1o lleg\u00f3 a un punto \u00e1lgido que oblig\u00f3 a los especialistas a&nbsp;<strong>renunciar a la atenci\u00f3n de los afiliados<\/strong>&nbsp;de todas las&nbsp;<strong>cl\u00ednicas privadas<\/strong>&nbsp;de la provincia.<\/p>\n\n\n\n<p><strong>Si bien el mayor inconveniente es econ\u00f3mico<\/strong>&nbsp;(los profesionales piden que se les pague por prestaci\u00f3n) &nbsp;y los \u00fanicos damnificados son los afiliados de PAMI, existir\u00eda otra punta para analizar, que qued\u00f3 oculta bajo la alfombra, y tiene que ver con&nbsp;<strong>el pago que las cl\u00ednicas privadas le otorgan a los m\u00e9dicos<\/strong>. En muchos casos, difiere entre 30 y 60 d\u00edas despu\u00e9s de prestado el servicio.<\/p>\n\n\n\n<p>De acuerdo con lo referido por las autoridades de Aclisa, \u201c<strong>los profesionales exigen un incremento de sus honorarios que ronda entre un 300% y 400%\u201d,\u00a0<\/strong>cifra considerada por los que manejan las cl\u00ednicas como\u00a0<strong>\u201cexorbitante\u201d.<\/strong><\/p>\n\n\n\n<p><strong>Fuente: www.elsol.com.ar<\/strong><\/p>\n","protected":false},"excerpt":{"rendered":"<p>Hace m\u00e1s de un mes comenz\u00f3 la&nbsp;crisis entre traumat\u00f3logos y el PAMI&nbsp;en&nbsp;Mendoza. Los especialistas decidieron renunciar a su actividad en las cl\u00ednicas privadas y, desde entonces,&nbsp;los pacientes se quedaron sin atenci\u00f3n de urgencias, emergencias y cirug\u00edas programadas. El panorama fue desesperante, a tal punto que, en las \u00faltimas semanas, los gerenciadores de las c\u00ednicas decidieron, [&hellip;]<\/p>\n","protected":false},"author":2,"featured_media":12839,"comment_status":"open","ping_status":"open","sticky":false,"template":"","format":"standard","meta":[],"categories":[58],"tags":[],"_links":{"self":[{"href":"https:\/\/pasaenmendoza.com\/index.php?rest_route=\/wp\/v2\/posts\/12838"}],"collection":[{"href":"https:\/\/pasaenmendoza.com\/index.php?rest_route=\/wp\/v2\/posts"}],"about":[{"href":"https:\/\/pasaenmendoza.com\/index.php?rest_route=\/wp\/v2\/types\/post"}],"author":[{"embeddable":true,"href":"https:\/\/pasaenmendoza.com\/index.php?rest_route=\/wp\/v2\/users\/2"}],"replies":[{"embeddable":true,"href":"https:\/\/pasaenmendoza.com\/index.php?rest_route=%2Fwp%2Fv2%2Fcomments&post=12838"}],"version-history":[{"count":1,"href":"https:\/\/pasaenmendoza.com\/index.php?rest_route=\/wp\/v2\/posts\/12838\/revisions"}],"predecessor-version":[{"id":12840,"href":"https:\/\/pasaenmendoza.com\/index.php?rest_route=\/wp\/v2\/posts\/12838\/revisions\/12840"}],"wp:featuredmedia":[{"embeddable":true,"href":"https:\/\/pasaenmendoza.com\/index.php?rest_route=\/wp\/v2\/media\/12839"}],"wp:attachment":[{"href":"https:\/\/pasaenmendoza.com\/index.php?rest_route=%2Fwp%2Fv2%2Fmedia&parent=12838"}],"wp:term":[{"taxonomy":"category","embeddable":true,"href":"https:\/\/pasaenmendoza.com\/index.php?rest_route=%2Fwp%2Fv2%2Fcategories&post=12838"},{"taxonomy":"post_tag","embeddable":true,"href":"https:\/\/pasaenmendoza.com\/index.php?rest_route=%2Fwp%2Fv2%2Ftags&post=12838"}],"curies":[{"name":"wp","href":"https:\/\/api.w.org\/{rel}","templated":true}]}}