{"id":12841,"date":"2025-05-08T23:51:43","date_gmt":"2025-05-08T21:51:43","guid":{"rendered":"https:\/\/pasaenmendoza.com\/?p=12841"},"modified":"2025-05-08T23:51:44","modified_gmt":"2025-05-08T21:51:44","slug":"los-obispos-reunidos-con-marcelo-colombo-festejaron-la-eleccion-del-papa-leon-xiv","status":"publish","type":"post","link":"https:\/\/pasaenmendoza.com\/?p=12841","title":{"rendered":"Los obispos reunidos con Marcelo Colombo festejaron la elecci\u00f3n del papa Le\u00f3n XIV"},"content":{"rendered":"\n<p>Los\u00a0<strong>obispos<\/strong>\u00a0argentinos reunidos este jueves en la asamblea plenaria de la Conferencia Episcopal Argentina, que preside el arzobispo de Mendoza,\u00a0<strong>Marcelo Colombo<\/strong>, celebraron con euforia al anuncio al estadounidense, nacionalizado peruano,\u00a0<strong>Robert Prevost\u00a0<\/strong>como el nuevo\u00a0<strong>papa Le\u00f3n XIV<\/strong>.<\/p>\n\n\n\n<p>Como se puede ver en un video, fue un gesto de alivio que\u00a0haya sido ungido como jefe de la Iglesia Cat\u00f3lica una figura cercana a Francisco.<\/p>\n\n\n\n<p>Apenas se escuch\u00f3 al protodi\u00e1cono de la\u00a0<strong>Iglesia Cat\u00f3lica<\/strong>, Dominique Mamberti, anunciar qui\u00e9n era, los presentes estallaron en emoci\u00f3n y abrazos. Prevost era uno de los que gustaba en el seno de la iglesia argentina.<\/p>\n\n\n\n<p>Prevost tiene estrechos v\u00ednculos con referentes de la Iglesia Cat\u00f3lica local, como Alberto Bochatey, quien tambi\u00e9n pertenece a la\u00a0<strong>orden de los agustinos<\/strong>.<\/p>\n\n\n\n<p>Medios vinculados al&nbsp;<strong>Vaticano<\/strong>&nbsp;subrayaron que Prevost era una de las figuras m\u00e1s cercanas a Francisco y que su elecci\u00f3n podr\u00eda leerse como una continuidad a su legado.<\/p>\n\n\n\n<h2 class=\"wp-block-heading\">Mensaje de la conferencia Episcopal Argentina por la elecci\u00f3n del Papa Le\u00f3n XIV<\/h2>\n\n\n\n<p>Inmediatamente elegido el nuevo papa Le\u00f3n XIV, la Conferencia Episcopal Argentina reunida en Buenos Aires, emiti\u00f3 un documento sobre el papa Robert Prevost. &#8220;Los&nbsp;<strong>obispos<\/strong>&nbsp;que integramos la Conferencia Episcopal Argentina queremos expresar, con profunda alegr\u00eda y gratitud, nuestra filial adhesi\u00f3n al nuevo Sucesor de Pedro, el Papa Le\u00f3n XIV, elegido por el Colegio Cardenalicio como Obispo de Roma&#8221;, comienza diciendo el documento.<\/p>\n\n\n\n<p>Al tiempo, contin\u00faa expresando: &#8220;Damos gracias a Dios por el don de su persona, por su disponibilidad generosa al servicio del Pueblo de Dios y por su s\u00ed confiado a la misi\u00f3n que hoy le ha sido confiada. Lo acompa\u00f1amos con nuestra oraci\u00f3n y afecto, pidiendo al Se\u00f1or que lo fortalezca con los dones de su Esp\u00edritu para guiar a la Iglesia en estos tiempos con sabidur\u00eda, misericordia y con un compromiso ineludible por la paz&#8221;, manifestaron los pastores de la Iglesia Cat\u00f3lica.<\/p>\n\n\n\n<p>La elecci\u00f3n del nuevo&nbsp;<strong>papa<\/strong>&nbsp;ha coincidido providencialmente con la celebraci\u00f3n de nuestra 126\u00aa Asamblea Plenaria, durante la cual &#8220;hemos rezado con especial fervor por la gu\u00eda del Esp\u00edritu Santo sobre el C\u00f3nclave y por el nuevo Pastor que el Se\u00f1or ha querido darnos. Vivimos este acontecimiento en esp\u00edritu de comuni\u00f3n, esperanza y gratitud&#8221;, escribieron los obispos.<\/p>\n\n\n\n<p>Y cerraron que &#8220;renovamos nuestra comuni\u00f3n con el Santo Padre y nuestra voluntad de caminar, como Iglesia que peregrina en la Argentina, en fidelidad al Evangelio, en esp\u00edritu sinodal y con<strong>&nbsp;coraz\u00f3n misionero<\/strong>&#8220;.<\/p>\n\n\n\n<p>Adem\u00e1s, los miembros de la Conferencia Episcopal Argentina invitaron a todos los cat\u00f3licos argentinos a elevar sus oraciones por el nuevo\u00a0<strong>papa<\/strong>.<\/p>\n\n\n\n<h2 class=\"wp-block-heading\">&#8220;Gracias al papa Francisco&#8221;, dijo Le\u00f3n XIV<\/h2>\n\n\n\n<p>Le\u00f3n XIV nombr\u00f3 dos veces al&nbsp;<strong>papa&nbsp;<\/strong>Francisco en su discurso. Ahora, la cercan\u00eda con el argentino y su esp\u00edritu misionero hacen predecir que el cardenal estadounidense, ahora sumo pont\u00edfice, continuar\u00e1 el legado de su antecesor.<\/p>\n\n\n\n<p>Prevost naci\u00f3 en Chicago, Estados Unidos, el 14 de septiembre de 1955 (tiene 69 a\u00f1os). Pero vivi\u00f3 m\u00e1s de 18 a\u00f1os en Per\u00fa, tal as\u00ed, que en 2015 obtuvo la nacionalidad peruana. A Sudam\u00e9rica lleg\u00f3 por primera vez como misionero agustino en 1985, adonde, tras un regreso a Chicago, volvi\u00f3 en 2014, por pedido del\u00a0<strong>papa Francisco<\/strong>.<\/p>\n\n\n\n<p><strong>Fuente: www.diariouno.com.ar<\/strong><\/p>\n","protected":false},"excerpt":{"rendered":"<p>Los\u00a0obispos\u00a0argentinos reunidos este jueves en la asamblea plenaria de la Conferencia Episcopal Argentina, que preside el arzobispo de Mendoza,\u00a0Marcelo Colombo, celebraron con euforia al anuncio al estadounidense, nacionalizado peruano,\u00a0Robert Prevost\u00a0como el nuevo\u00a0papa Le\u00f3n XIV. Como se puede ver en un video, fue un gesto de alivio que\u00a0haya sido ungido como jefe de la Iglesia Cat\u00f3lica [&hellip;]<\/p>\n","protected":false},"author":2,"featured_media":12842,"comment_status":"open","ping_status":"open","sticky":false,"template":"","format":"standard","meta":[],"categories":[50],"tags":[],"_links":{"self":[{"href":"https:\/\/pasaenmendoza.com\/index.php?rest_route=\/wp\/v2\/posts\/12841"}],"collection":[{"href":"https:\/\/pasaenmendoza.com\/index.php?rest_route=\/wp\/v2\/posts"}],"about":[{"href":"https:\/\/pasaenmendoza.com\/index.php?rest_route=\/wp\/v2\/types\/post"}],"author":[{"embeddable":true,"href":"https:\/\/pasaenmendoza.com\/index.php?rest_route=\/wp\/v2\/users\/2"}],"replies":[{"embeddable":true,"href":"https:\/\/pasaenmendoza.com\/index.php?rest_route=%2Fwp%2Fv2%2Fcomments&post=12841"}],"version-history":[{"count":1,"href":"https:\/\/pasaenmendoza.com\/index.php?rest_route=\/wp\/v2\/posts\/12841\/revisions"}],"predecessor-version":[{"id":12843,"href":"https:\/\/pasaenmendoza.com\/index.php?rest_route=\/wp\/v2\/posts\/12841\/revisions\/12843"}],"wp:featuredmedia":[{"embeddable":true,"href":"https:\/\/pasaenmendoza.com\/index.php?rest_route=\/wp\/v2\/media\/12842"}],"wp:attachment":[{"href":"https:\/\/pasaenmendoza.com\/index.php?rest_route=%2Fwp%2Fv2%2Fmedia&parent=12841"}],"wp:term":[{"taxonomy":"category","embeddable":true,"href":"https:\/\/pasaenmendoza.com\/index.php?rest_route=%2Fwp%2Fv2%2Fcategories&post=12841"},{"taxonomy":"post_tag","embeddable":true,"href":"https:\/\/pasaenmendoza.com\/index.php?rest_route=%2Fwp%2Fv2%2Ftags&post=12841"}],"curies":[{"name":"wp","href":"https:\/\/api.w.org\/{rel}","templated":true}]}}