{"id":12844,"date":"2025-05-08T23:57:45","date_gmt":"2025-05-08T21:57:45","guid":{"rendered":"https:\/\/pasaenmendoza.com\/?p=12844"},"modified":"2025-05-08T23:57:46","modified_gmt":"2025-05-08T21:57:46","slug":"marcos-calvente-anuncio-que-guaymallen-tambien-retirara-de-las-calles-los-vehiculos-abandonados","status":"publish","type":"post","link":"https:\/\/pasaenmendoza.com\/?p=12844","title":{"rendered":"Marcos Calvente anunci\u00f3 que Guaymall\u00e9n tambi\u00e9n retirar\u00e1 de las calles los veh\u00edculos abandonados"},"content":{"rendered":"\n<p>Despu\u00e9s de conocerse que Las Heras\u00a0comenz\u00f3 a retirar de las calles los veh\u00edculos abandonados\u00a0otro departamento del Gran Mendoza anunci\u00f3 que seguir\u00e1 un camino similar. Se trata de\u00a0<strong>Guaymall\u00e9n<\/strong>, cuyo intendente\u00a0<strong>Marcos Calvente<\/strong>\u00a0dijo este mi\u00e9rcoles que quiere despejar la v\u00eda p\u00fablica y retirar los autos abandonados.<\/p>\n\n\n\n<p>En este caso se har\u00e1 a trav\u00e9s un servicio tercerizado luego de que la comuna guaymallina firmara convenio con el Ministerio de Seguridad de la provincia para sumarse a la &#8220;gesti\u00f3n integral de las playas de secuestros&#8221;.<\/p>\n\n\n\n<p>\u201cQueremos usar el servicio para elaborar un programa de despeje de la v\u00eda p\u00fablica para sacar los autos abandonados. Ya tenemos este contrato que es la herramienta, y estamos trabajando en el marco legal que nos permita acceder a ese bien para que la empresa privada se haga cargo tambi\u00e9n de ese acarreo y rematarlo o compactarlo como un veh\u00edculo secuestrado mas\u201d, destac\u00f3\u00a0<strong>Calvente<\/strong>.<\/p>\n\n\n\n<h2 class=\"wp-block-heading\">Sobre los veh\u00edculos de las playas de secuestros de Guaymall\u00e9n<\/h2>\n\n\n\n<p>Las palabras de Calvente respecto al retiro de veh\u00edculos abandonados en las calles fueron pronunciadas despu\u00e9s de que firmar un convenio con\u00a0<strong>Mercedes Rus,\u00a0<\/strong>ministra de Seguridad de la provincia. Por ese acuerdo, el predio municipal, que actualmente tiene 500 autos y 1.500 motos, se incorpora al proceso de tercerizaci\u00f3n\u00a0iniciado por el Gobierno para acelerar la compactaci\u00f3n o remate de los veh\u00edculos alojados.<\/p>\n\n\n\n<p>As\u00ed, la&nbsp;<strong>Municipalidad de Guaymall\u00e9n<\/strong>&nbsp;se sum\u00f3 a la gesti\u00f3n integral de las playas de secuestros de veh\u00edculos, un proceso que se inici\u00f3 con&nbsp;<strong>San Agust\u00edn (Capital) y Marcelo Vignaud (San Mart\u00edn)<\/strong>&nbsp;y que continuar\u00e1 con los municipios del Gran Mendoza.<\/p>\n\n\n\n<p>Calvente y Rus firmaron el convenio para incluir a la&nbsp;<strong>Playa de Secuestros Municipal<\/strong>&nbsp;en ese proceso de gesti\u00f3n tercerizada, que incluye el remate o la compactaci\u00f3n de los veh\u00edculos alojados y el traslado de los nuevos autos incautados en operativos viales o por decisi\u00f3n judicial.<\/p>\n\n\n\n<p>Lo acordado empezar\u00e1 a concretarse en aproximadamente 90 d\u00edas, cuando la empresa ganadora de la licitaci\u00f3n realizada por el\u00a0<strong>Ministerio de Seguridad y Justicia<\/strong>\u00a0se haga efectivamente cargo del servicio en el Gran Mendoza.<\/p>\n\n\n\n<p>Actualmente la Playa de Secuestros Municipal tiene 500 autos y 1.500 motos alojadas, a pesar del proceso de remates que la&nbsp;<strong>Municipalidad de Guaymall\u00e9n<\/strong>&nbsp;viene llevando adelante. Durante 2024 se subastaron 39 autos y 84 motos. En las cinco subastas del a\u00f1o pasado, la comuna recaud\u00f3 $69.035.000.<\/p>\n\n\n\n<p>\u201cNo nos ocupamos m\u00e1s de trasladar esos veh\u00edculos y de custodiarlos, tercerizamos a una empresa sin pagarle (aclaraci\u00f3n: cobran del producido de los remates o compactaci\u00f3n) y se encargar\u00e1n de trasladar los veh\u00edculos, es decir no vamos a tener que mantener m\u00e1s gr\u00faas para eso. Ellos ponen la seguridad, no ocupamos m\u00e1s polic\u00edas para la custodia, y ellos hacen los tr\u00e1mites judiciales para rematar o compactar. En el caso de este acuerdo, los agentes viales de Guaymall\u00e9n que retengan un auto, llaman a la gr\u00faa privada y ellos se la llevan a su predio\u201d, explic\u00f3 la ministra&nbsp;<strong>Rus<\/strong>.<\/p>\n\n\n\n<p>El intendente de Guaymall\u00e9n complet\u00f3 diciendo que \u201ceste acuerdo nace por impulso nuestro, cuando le dimos de baja a nuestra licitaci\u00f3n de gr\u00faa. Entonces empezamos a articular con el ministerio para ver si pod\u00edamos salir a contratar ese servicio juntos, porque el acarreo casi siempre se articul\u00f3 con el ministerio. Entonces, lo m\u00e1s inteligente es nutrirnos de una misma licitaci\u00f3n\u201d.<\/p>\n\n\n\n<p><strong>Fuente: www.diariouno.com.ar<\/strong><\/p>\n","protected":false},"excerpt":{"rendered":"<p>Despu\u00e9s de conocerse que Las Heras\u00a0comenz\u00f3 a retirar de las calles los veh\u00edculos abandonados\u00a0otro departamento del Gran Mendoza anunci\u00f3 que seguir\u00e1 un camino similar. Se trata de\u00a0Guaymall\u00e9n, cuyo intendente\u00a0Marcos Calvente\u00a0dijo este mi\u00e9rcoles que quiere despejar la v\u00eda p\u00fablica y retirar los autos abandonados. En este caso se har\u00e1 a trav\u00e9s un servicio tercerizado luego de [&hellip;]<\/p>\n","protected":false},"author":2,"featured_media":12845,"comment_status":"open","ping_status":"open","sticky":false,"template":"","format":"standard","meta":[],"categories":[47],"tags":[],"_links":{"self":[{"href":"https:\/\/pasaenmendoza.com\/index.php?rest_route=\/wp\/v2\/posts\/12844"}],"collection":[{"href":"https:\/\/pasaenmendoza.com\/index.php?rest_route=\/wp\/v2\/posts"}],"about":[{"href":"https:\/\/pasaenmendoza.com\/index.php?rest_route=\/wp\/v2\/types\/post"}],"author":[{"embeddable":true,"href":"https:\/\/pasaenmendoza.com\/index.php?rest_route=\/wp\/v2\/users\/2"}],"replies":[{"embeddable":true,"href":"https:\/\/pasaenmendoza.com\/index.php?rest_route=%2Fwp%2Fv2%2Fcomments&post=12844"}],"version-history":[{"count":1,"href":"https:\/\/pasaenmendoza.com\/index.php?rest_route=\/wp\/v2\/posts\/12844\/revisions"}],"predecessor-version":[{"id":12846,"href":"https:\/\/pasaenmendoza.com\/index.php?rest_route=\/wp\/v2\/posts\/12844\/revisions\/12846"}],"wp:featuredmedia":[{"embeddable":true,"href":"https:\/\/pasaenmendoza.com\/index.php?rest_route=\/wp\/v2\/media\/12845"}],"wp:attachment":[{"href":"https:\/\/pasaenmendoza.com\/index.php?rest_route=%2Fwp%2Fv2%2Fmedia&parent=12844"}],"wp:term":[{"taxonomy":"category","embeddable":true,"href":"https:\/\/pasaenmendoza.com\/index.php?rest_route=%2Fwp%2Fv2%2Fcategories&post=12844"},{"taxonomy":"post_tag","embeddable":true,"href":"https:\/\/pasaenmendoza.com\/index.php?rest_route=%2Fwp%2Fv2%2Ftags&post=12844"}],"curies":[{"name":"wp","href":"https:\/\/api.w.org\/{rel}","templated":true}]}}