{"id":1285,"date":"2023-09-07T15:18:06","date_gmt":"2023-09-07T13:18:06","guid":{"rendered":"https:\/\/pasaenmendoza.com\/?p=1285"},"modified":"2023-09-07T15:18:06","modified_gmt":"2023-09-07T13:18:06","slug":"bodegueros-celebraron-el-quite-definitivo-de-las-retenciones-a-las-exportaciones-de-vino","status":"publish","type":"post","link":"https:\/\/pasaenmendoza.com\/?p=1285","title":{"rendered":"Bodegueros celebraron el quite definitivo de las retenciones a las exportaciones de vino"},"content":{"rendered":"\n<p>El anuncio tan esperado finalmente se concret\u00f3 y a partir del 1 de septiembre pasado, se eliminaron definitivamente las retenciones a las exportaciones de vino.&nbsp;Desde&nbsp;<strong>Bodegas de Argentina<\/strong>&nbsp;celebraron la medida que&nbsp;<em>\u201crepresenta un paso muy importante para la inserci\u00f3n internacional de nuestros productos\u201d<\/em>. Sin embargo, remarcaron que continuar\u00e1n insistiendo para que&nbsp;el Gobierno nacional instale nuevas pr\u00e1cticas para mejorar su competitividad frente a otros mercados.<\/p>\n\n\n\n<p><em>\u201cContinuaremos trabajando para alcanzar pol\u00edticas de Estado para el sector exportador, como por ejemplo los acuerdos internacionales de libre comercio o el apoyo en la promoci\u00f3n de nuestros productos en el mundo\u201d<\/em>, indicaron desde la c\u00e1mara que nuclea a m\u00e1s de\u00a0200 socios vitivin\u00edcolas.<\/p>\n\n\n\n<p>Las exportaciones de vino argentino en el primer semestre del a\u00f1o alcanzaron los 96,5 millones de litros de vino, lo que representa una ca\u00edda del 31,7% en relaci\u00f3n con igual periodo del a\u00f1o pasado, seg\u00fan datos del Instituto Nacional de Vitivin\u00edcola (INV).<\/p>\n\n\n\n<figure class=\"wp-block-image size-full\"><img decoding=\"async\" loading=\"lazy\" width=\"900\" height=\"900\" src=\"https:\/\/pasaenmendoza.com\/wp-content\/uploads\/2023\/09\/comunicado.jpg\" alt=\"\" class=\"wp-image-1287\" srcset=\"https:\/\/pasaenmendoza.com\/wp-content\/uploads\/2023\/09\/comunicado.jpg 900w, https:\/\/pasaenmendoza.com\/wp-content\/uploads\/2023\/09\/comunicado-300x300.jpg 300w, https:\/\/pasaenmendoza.com\/wp-content\/uploads\/2023\/09\/comunicado-150x150.jpg 150w, https:\/\/pasaenmendoza.com\/wp-content\/uploads\/2023\/09\/comunicado-768x768.jpg 768w, https:\/\/pasaenmendoza.com\/wp-content\/uploads\/2023\/09\/comunicado-696x696.jpg 696w\" sizes=\"(max-width: 900px) 100vw, 900px\" \/><\/figure>\n\n\n\n<p>La medida fue ratificada este jueves con la publicaci\u00f3n del\u00a0decreto 462\/2023\u00a0en el\u00a0<strong>Bolet\u00edn Oficial<\/strong>. En los considerandos de la medida, que es retroactiva al 1 de septiembre, se resalta que el objetivo es \u201cpromover las ventas a mercados externos, mejorar el nivel de ingresos de los productores y elaboradores, as\u00ed como de su red de interacci\u00f3n, fortalecer el arraigo y permanencia de la poblaci\u00f3n rural en cada regi\u00f3n de nuestro pa\u00eds, adem\u00e1s de propender a mejorar la calidad de los productos\u201d.<\/p>\n\n\n\n<p><strong>Fuente: www.elsol.com.ar<\/strong><\/p>\n","protected":false},"excerpt":{"rendered":"<p>El anuncio tan esperado finalmente se concret\u00f3 y a partir del 1 de septiembre pasado, se eliminaron definitivamente las retenciones a las exportaciones de vino.&nbsp;Desde&nbsp;Bodegas de Argentina&nbsp;celebraron la medida que&nbsp;\u201crepresenta un paso muy importante para la inserci\u00f3n internacional de nuestros productos\u201d. Sin embargo, remarcaron que continuar\u00e1n insistiendo para que&nbsp;el Gobierno nacional instale nuevas pr\u00e1cticas para [&hellip;]<\/p>\n","protected":false},"author":2,"featured_media":1286,"comment_status":"open","ping_status":"open","sticky":false,"template":"","format":"standard","meta":[],"categories":[49],"tags":[],"_links":{"self":[{"href":"https:\/\/pasaenmendoza.com\/index.php?rest_route=\/wp\/v2\/posts\/1285"}],"collection":[{"href":"https:\/\/pasaenmendoza.com\/index.php?rest_route=\/wp\/v2\/posts"}],"about":[{"href":"https:\/\/pasaenmendoza.com\/index.php?rest_route=\/wp\/v2\/types\/post"}],"author":[{"embeddable":true,"href":"https:\/\/pasaenmendoza.com\/index.php?rest_route=\/wp\/v2\/users\/2"}],"replies":[{"embeddable":true,"href":"https:\/\/pasaenmendoza.com\/index.php?rest_route=%2Fwp%2Fv2%2Fcomments&post=1285"}],"version-history":[{"count":1,"href":"https:\/\/pasaenmendoza.com\/index.php?rest_route=\/wp\/v2\/posts\/1285\/revisions"}],"predecessor-version":[{"id":1288,"href":"https:\/\/pasaenmendoza.com\/index.php?rest_route=\/wp\/v2\/posts\/1285\/revisions\/1288"}],"wp:featuredmedia":[{"embeddable":true,"href":"https:\/\/pasaenmendoza.com\/index.php?rest_route=\/wp\/v2\/media\/1286"}],"wp:attachment":[{"href":"https:\/\/pasaenmendoza.com\/index.php?rest_route=%2Fwp%2Fv2%2Fmedia&parent=1285"}],"wp:term":[{"taxonomy":"category","embeddable":true,"href":"https:\/\/pasaenmendoza.com\/index.php?rest_route=%2Fwp%2Fv2%2Fcategories&post=1285"},{"taxonomy":"post_tag","embeddable":true,"href":"https:\/\/pasaenmendoza.com\/index.php?rest_route=%2Fwp%2Fv2%2Ftags&post=1285"}],"curies":[{"name":"wp","href":"https:\/\/api.w.org\/{rel}","templated":true}]}}