{"id":12856,"date":"2025-05-09T16:11:27","date_gmt":"2025-05-09T14:11:27","guid":{"rendered":"https:\/\/pasaenmendoza.com\/?p=12856"},"modified":"2025-05-09T16:11:28","modified_gmt":"2025-05-09T14:11:28","slug":"firmaron-el-inicio-de-una-obra-vial-clave-para-godoy-cruz","status":"publish","type":"post","link":"https:\/\/pasaenmendoza.com\/?p=12856","title":{"rendered":"Firmaron el inicio de una obra vial clave para Godoy Cruz"},"content":{"rendered":"\n<p>El convenio fue firmado por el\u00a0<strong>intendente Diego Costarelli<\/strong>\u00a0y la\u00a0<strong>subsecretaria de Infraestructura y Desarrollo Territorial Mar\u00eda Teresa Badui N\u00fa\u00f1ez.\u00a0<\/strong>El mismo establece la\u00a0<strong>construcci\u00f3n de un puente de vinculaci\u00f3n\u00a0<\/strong>que\u00a0<strong>conectar\u00e1 las calles Lencinas y Mitre, recientemente ampliadas, con la Avenida Gobernador Videla (Costanera Sur)<\/strong>.<\/p>\n\n\n\n<p>A su vez, sumar\u00e1 una&nbsp;<strong>nueva conexi\u00f3n directa entre Godoy Cruz y Guaymall\u00e9n.&nbsp;<\/strong>Por lo tanto, esta nueva vinculaci\u00f3n se traducir\u00e1 en mayor integraci\u00f3n urbana y mejor circulaci\u00f3n para peatones y veh\u00edculos.<\/p>\n\n\n\n<p>En ese marco, Badui destac\u00f3:<strong>\u00a0&#8220;Quiero rescatar dos cuestiones. Primero, que las intervenciones urbanas que hace Godoy Cruz est\u00e1n planificadas. No siempre la inversi\u00f3n p\u00fablica est\u00e1 tan organizada. Ellos van adelante, son pioneros en actualizar su plan de ordenamiento territorial, y eso hay que destacarlo&#8221;, se\u00f1al\u00f3.<\/strong><\/p>\n\n\n\n<p><strong>Intervenci\u00f3n urbana y seguridad ciudadana\u00a0\u00a0<\/strong><\/p>\n\n\n\n<p>Esta nueva obra contribuir\u00e1 a la seguridad ciudadana desde m\u00faltiples perspectivas. Es porque se alinea con el modelo de\u00a0<strong>\u00abSeguridad 360 grados\u00bb<\/strong>\u00a0que lleva adelante la gesti\u00f3n.<\/p>\n\n\n\n<p>&#8220;La intervenci\u00f3n no s\u00f3lo&nbsp;<strong>mejorar\u00e1 la infraestructura vial<\/strong>, sino que&nbsp;<strong>transformar\u00e1 el entorno urbano<\/strong>&nbsp;haci\u00e9ndolo m\u00e1s&nbsp;<strong>iluminado, transitado y agradable<\/strong>&nbsp;para la comunidad\u00bb, indic\u00f3&nbsp;<strong>Costarelli<\/strong>.<\/p>\n\n\n\n<p>El Jefe comunal asegur\u00f3 que \u00abestos cambios, en l\u00ednea con una&nbsp;<strong>visi\u00f3n integral de la seguridad<\/strong>, contribuyen a&nbsp;<strong>prevenir el delito\u00bb.&nbsp;<\/strong>Es importante destacar que, al&nbsp;<strong>modificar las condiciones del entorno, se fomenta un mayor control social natural<\/strong>&#8220;.<\/p>\n\n\n\n<p><strong>Contribuci\u00f3n de la obra a la seguridad<\/strong><\/p>\n\n\n\n<p>La incorporaci\u00f3n de este\u00a0<strong>nuevo puente incluye iluminaci\u00f3n en todo el sector, lo que mejorar\u00e1 la visibilidad nocturna.<\/strong>\u00a0En consecuencia, un\u00a0<strong>entorno bien iluminado disuade la actividad delictiva, reduce lugares de conflicto y vandalismo<\/strong>, y\u00a0<strong>aumenta la seguridad de los transe\u00fantes<\/strong>.<\/p>\n\n\n\n<p><strong>Esta obra, en conjunto con la extensi\u00f3n de Parque Mitre,<\/strong>&nbsp;invitar\u00e1 a los vecinos a acercarse. Es que all\u00ed podr\u00e1n&nbsp;<strong>disfrutar de un nuevo espacio que ofrecer\u00e1 diversas actividades y aire fresco<\/strong><strong>.<\/strong><\/p>\n\n\n\n<p>En ese sentido, el intendente destac\u00f3 &#8220;la importancia de&nbsp;<strong>transformar un espacio p\u00fablico degradado a un espacio verde<\/strong>. As\u00ed,&nbsp;<strong>se genera actividad a trav\u00e9s de la recreaci\u00f3n y se promueve la apropiaci\u00f3n del lugar. Este cambio naturalmente incrementar\u00e1 la vigilancia ciudadana, disuadiendo la actividad criminal<\/strong>&#8221; expres\u00f3.<\/p>\n\n\n\n<p><strong>Conectividad y movilidad segura<\/strong><\/p>\n\n\n\n<p><strong>La nueva conexi\u00f3n vial generar\u00e1 un mayor flujo de personas y veh\u00edculos en la zona.<\/strong>\u00a0Por lo que una mayor presencia de personas circulando en la zona, actuar\u00e1 como un disuasivo contra el delito.<\/p>\n\n\n\n<p>&#8220;Esta obra facilitar\u00e1 la&nbsp;<strong>circulaci\u00f3n del transporte p\u00fablico.&nbsp;<\/strong>As\u00ed, garantizar\u00e1 una movilidad segura,&nbsp;<strong>componente esencial de la prevenci\u00f3n situacional del delito<\/strong>&#8221; agreg\u00f3 Costarelli.<\/p>\n\n\n\n<p><strong>Sostenibilidad ambiental en armon\u00eda con el desarrollo econ\u00f3mico y social<\/strong><\/p>\n\n\n\n<p>Por su parte, el\u00a0<strong>transporte p\u00fablico el\u00e9ctrico y el incremento en la forestaci\u00f3n contribuyen a la sostenibilidad ambiental<\/strong>. &#8220;La\u00a0<strong>creaci\u00f3n y mantenimiento de \u00e1mbitos verdes<\/strong>\u00a0de calidad y la\u00a0<strong>gesti\u00f3n sostenible de recursos fortalecen la cohesi\u00f3n comunitaria<\/strong>. Es porque al\u00a0<strong>generar lugares de encuentro, se promueve el orgullo y la identificaci\u00f3n barrial<\/strong>.\u00a0<strong>Un ambiente cuidado fomenta el uso positivo de los espacios p\u00fablicos&#8221;<\/strong>\u00a0expres\u00f3 Costarelli.<\/p>\n\n\n\n<p>Como se mencion\u00f3 anteriormente, la&nbsp;<strong>conexi\u00f3n entre Godoy Cruz y Guaymall\u00e9n, junto con la mejora general del sector, promueve una mayor integraci\u00f3n urbana<\/strong>.<\/p>\n\n\n\n<p>Asimismo, &#8220;la\u00a0<strong>planificaci\u00f3n urbana y la provisi\u00f3n de servicios b\u00e1sicos tienen impacto en la prevenci\u00f3n del delito<\/strong>. Adem\u00e1s,\u00a0<strong>fomentan la actividad comercial y el desarrollo social, fundamentales para el crecimiento de un ciudad inclusiva y segura<\/strong>&#8220;, finaliz\u00f3 Costarelli.<\/p>\n\n\n\n<p><strong>Fuente: www.mendozapost.com<\/strong><\/p>\n","protected":false},"excerpt":{"rendered":"<p>El convenio fue firmado por el\u00a0intendente Diego Costarelli\u00a0y la\u00a0subsecretaria de Infraestructura y Desarrollo Territorial Mar\u00eda Teresa Badui N\u00fa\u00f1ez.\u00a0El mismo establece la\u00a0construcci\u00f3n de un puente de vinculaci\u00f3n\u00a0que\u00a0conectar\u00e1 las calles Lencinas y Mitre, recientemente ampliadas, con la Avenida Gobernador Videla (Costanera Sur). A su vez, sumar\u00e1 una&nbsp;nueva conexi\u00f3n directa entre Godoy Cruz y Guaymall\u00e9n.&nbsp;Por lo tanto, esta [&hellip;]<\/p>\n","protected":false},"author":2,"featured_media":12857,"comment_status":"open","ping_status":"open","sticky":false,"template":"","format":"standard","meta":[],"categories":[50],"tags":[],"_links":{"self":[{"href":"https:\/\/pasaenmendoza.com\/index.php?rest_route=\/wp\/v2\/posts\/12856"}],"collection":[{"href":"https:\/\/pasaenmendoza.com\/index.php?rest_route=\/wp\/v2\/posts"}],"about":[{"href":"https:\/\/pasaenmendoza.com\/index.php?rest_route=\/wp\/v2\/types\/post"}],"author":[{"embeddable":true,"href":"https:\/\/pasaenmendoza.com\/index.php?rest_route=\/wp\/v2\/users\/2"}],"replies":[{"embeddable":true,"href":"https:\/\/pasaenmendoza.com\/index.php?rest_route=%2Fwp%2Fv2%2Fcomments&post=12856"}],"version-history":[{"count":1,"href":"https:\/\/pasaenmendoza.com\/index.php?rest_route=\/wp\/v2\/posts\/12856\/revisions"}],"predecessor-version":[{"id":12858,"href":"https:\/\/pasaenmendoza.com\/index.php?rest_route=\/wp\/v2\/posts\/12856\/revisions\/12858"}],"wp:featuredmedia":[{"embeddable":true,"href":"https:\/\/pasaenmendoza.com\/index.php?rest_route=\/wp\/v2\/media\/12857"}],"wp:attachment":[{"href":"https:\/\/pasaenmendoza.com\/index.php?rest_route=%2Fwp%2Fv2%2Fmedia&parent=12856"}],"wp:term":[{"taxonomy":"category","embeddable":true,"href":"https:\/\/pasaenmendoza.com\/index.php?rest_route=%2Fwp%2Fv2%2Fcategories&post=12856"},{"taxonomy":"post_tag","embeddable":true,"href":"https:\/\/pasaenmendoza.com\/index.php?rest_route=%2Fwp%2Fv2%2Ftags&post=12856"}],"curies":[{"name":"wp","href":"https:\/\/api.w.org\/{rel}","templated":true}]}}