{"id":12865,"date":"2025-05-10T00:37:40","date_gmt":"2025-05-09T22:37:40","guid":{"rendered":"https:\/\/pasaenmendoza.com\/?p=12865"},"modified":"2025-05-10T00:37:41","modified_gmt":"2025-05-09T22:37:41","slug":"la-ministra-de-seguridad-resalto-que-en-cuyo-ya-existe-una-base-de-datos-y-un-sistema-de-alertas-compartidas","status":"publish","type":"post","link":"https:\/\/pasaenmendoza.com\/?p=12865","title":{"rendered":"La ministra de Seguridad resalt\u00f3 que en Cuyo ya existe una base de datos y un sistema de alertas compartidas"},"content":{"rendered":"\n<p>La ministra\u00a0<strong>Mercedes Rus<\/strong>\u00a0destac\u00f3 que gracias al\u00a0<strong>Plan Regional de Seguridad<\/strong>\u00a0las provincias de\u00a0<strong>Cuyo<\/strong>\u00a0ya cuentan con una base de datos y un sistema de alertas compartidas, lo que -se espera- permitir\u00e1 mejorar la detecci\u00f3n de delitos con caracter\u00edsticas interjurisdiccionales, como el narcotr\u00e1fico o la trata.<\/p>\n\n\n\n<p>De todos modos, advirti\u00f3 que es indispensable seguir coordinando acciones sobre un \u00e1rea que tiene una circulaci\u00f3n permanente de personas.<\/p>\n\n\n\n<p>La mendocina encabez\u00f3 una reuni\u00f3n con sus pares de\u00a0<strong>San Luis<\/strong>, Nancy Sosa, y\u00a0<strong>San Juan<\/strong>, Enrique Delgado, a la que se sum\u00f3 la vicegobernadora Hebe Casado y otras autoridades provinciales y nacionales. Tras la firma, el a\u00f1o pasado, de convenios para trabajar juntos entre los tres gobiernos provinciales, los encuentros se han sucedido y en cada uno se identifican logros y asuntos pendientes.<\/p>\n\n\n\n<h2 class=\"wp-block-heading\">La importancia de coordinar la seguridad<\/h2>\n\n\n\n<p>\u201cYa tenemos una&nbsp;<strong>base de datos<\/strong>&nbsp;y&nbsp;<strong>alertas<\/strong>&nbsp;compartidas -marc\u00f3 Rus-, pero debemos seguir fortaleciendo la cooperaci\u00f3n. Cada provincia transita distintas etapas en la construcci\u00f3n de un sistema de&nbsp;<strong>control unificado<\/strong>, sobre todo en los l\u00edmites que compartimos\u201d.<\/p>\n\n\n\n<p>El evento cont\u00f3 con la participaci\u00f3n del procurador penitenciario adjunto de la Naci\u00f3n,&nbsp;<strong>Ariel Cejas Meliare<\/strong>; el procurador de Personas Privadas de Libertad y titular de la Comisi\u00f3n Provincial de Prevenci\u00f3n de la Tortura,&nbsp;<strong>Luis Romero<\/strong>, y el director del Servicio Penitenciario de Mendoza,&nbsp;<strong>Eduardo Orellana<\/strong>. Tambi\u00e9n estuvieron presentes los subsecretarios de Justicia y de Tecnolog\u00eda Aplicada a la Seguridad,&nbsp;<strong>Marcelo D\u2019Agostino<\/strong>&nbsp;y&nbsp;<strong>Leandro Biskupovich<\/strong>, y los directores generales de Relaciones con la Comunidad y de Polic\u00edas,&nbsp;<strong>Hern\u00e1n Amat<\/strong>&nbsp;y&nbsp;<strong>Marcelo Calipo<\/strong>, entre otros.<\/p>\n\n\n\n<p>La puntana Nancy Sosa ponder\u00f3 el aporte mendocino en la mesa de&nbsp;<strong>seguridad cuyana<\/strong>: \u201cMendoza nos aporta much\u00edsimo. Las provincias no pueden trabajar solas; necesitamos&nbsp;<strong>visi\u00f3n regional<\/strong>. Estamos atravesando una reestructuraci\u00f3n del sistema penitenciario y este intercambio es muy enriquecedor\u201d.<\/p>\n\n\n\n<p>Delgado, el ministro sanjuanino, destac\u00f3 que existe &#8220;un flujo constante de personas entre nuestras provincias&#8221; y que, por ende, &#8220;avanzar en un&nbsp;<strong>control unificado<\/strong>&nbsp;es una necesidad&#8221;.<\/p>\n\n\n\n<p>En efecto, son conocidos los casos en que se estaba buscando a un delincuente en una provincia y finalmente se lo encuentra a\u00f1os despu\u00e9s en otra, donde hab\u00eda llegado con\u00a0<strong>identidad cambiada<\/strong>\u00a0o aprovechando que nadie podr\u00eda reconocerlo.<\/p>\n\n\n\n<p>La&nbsp;<strong>vicegobernadora<\/strong>&nbsp;de Mendoza aport\u00f3 a su turno: \u201cComplementar esfuerzos entre provincias no solo permite afinar las leyes, sino aprender de los aciertos y errores de los dem\u00e1s. Ese es el camino para&nbsp;<strong>fortalecer nuestras pol\u00edticas<\/strong>\u201d.<\/p>\n\n\n\n<p><strong>Eduardo Orellana<\/strong>, director del Servicio Penitenciario Provincial, marc\u00f3 una t\u00f3nica que podr\u00eda consolidarse en toda la regi\u00f3n durante los pr\u00f3ximos a\u00f1os. &#8220;Durante mucho tiempo hubo una pol\u00edtica de no construir c\u00e1rceles, con el argumento de que no serv\u00edan, pero al mismo tiempo se segu\u00eda encarcelando gente. La sobrepoblaci\u00f3n crec\u00eda y el problema parec\u00eda del\u00a0<strong>Servicio Penitenciario<\/strong>. Superar eso nos llev\u00f3 mucho tiempo y esfuerzo. Pero entendimos que, si todos coincidimos, mejora la seguridad ciudadana. Tenemos que trabajar articuladamente\u201d.<\/p>\n\n\n\n<p><strong>Fuente: www.diariouno.com.ar<\/strong><\/p>\n","protected":false},"excerpt":{"rendered":"<p>La ministra\u00a0Mercedes Rus\u00a0destac\u00f3 que gracias al\u00a0Plan Regional de Seguridad\u00a0las provincias de\u00a0Cuyo\u00a0ya cuentan con una base de datos y un sistema de alertas compartidas, lo que -se espera- permitir\u00e1 mejorar la detecci\u00f3n de delitos con caracter\u00edsticas interjurisdiccionales, como el narcotr\u00e1fico o la trata. De todos modos, advirti\u00f3 que es indispensable seguir coordinando acciones sobre un \u00e1rea [&hellip;]<\/p>\n","protected":false},"author":2,"featured_media":12866,"comment_status":"open","ping_status":"open","sticky":false,"template":"","format":"standard","meta":[],"categories":[47],"tags":[],"_links":{"self":[{"href":"https:\/\/pasaenmendoza.com\/index.php?rest_route=\/wp\/v2\/posts\/12865"}],"collection":[{"href":"https:\/\/pasaenmendoza.com\/index.php?rest_route=\/wp\/v2\/posts"}],"about":[{"href":"https:\/\/pasaenmendoza.com\/index.php?rest_route=\/wp\/v2\/types\/post"}],"author":[{"embeddable":true,"href":"https:\/\/pasaenmendoza.com\/index.php?rest_route=\/wp\/v2\/users\/2"}],"replies":[{"embeddable":true,"href":"https:\/\/pasaenmendoza.com\/index.php?rest_route=%2Fwp%2Fv2%2Fcomments&post=12865"}],"version-history":[{"count":1,"href":"https:\/\/pasaenmendoza.com\/index.php?rest_route=\/wp\/v2\/posts\/12865\/revisions"}],"predecessor-version":[{"id":12867,"href":"https:\/\/pasaenmendoza.com\/index.php?rest_route=\/wp\/v2\/posts\/12865\/revisions\/12867"}],"wp:featuredmedia":[{"embeddable":true,"href":"https:\/\/pasaenmendoza.com\/index.php?rest_route=\/wp\/v2\/media\/12866"}],"wp:attachment":[{"href":"https:\/\/pasaenmendoza.com\/index.php?rest_route=%2Fwp%2Fv2%2Fmedia&parent=12865"}],"wp:term":[{"taxonomy":"category","embeddable":true,"href":"https:\/\/pasaenmendoza.com\/index.php?rest_route=%2Fwp%2Fv2%2Fcategories&post=12865"},{"taxonomy":"post_tag","embeddable":true,"href":"https:\/\/pasaenmendoza.com\/index.php?rest_route=%2Fwp%2Fv2%2Ftags&post=12865"}],"curies":[{"name":"wp","href":"https:\/\/api.w.org\/{rel}","templated":true}]}}