{"id":12871,"date":"2025-05-10T00:52:23","date_gmt":"2025-05-09T22:52:23","guid":{"rendered":"https:\/\/pasaenmendoza.com\/?p=12871"},"modified":"2025-05-10T00:52:24","modified_gmt":"2025-05-09T22:52:24","slug":"el-gobierno-envio-un-proyecto-de-ley-que-permita-a-la-policia-cobrar-por-los-rescates-en-alta-montana","status":"publish","type":"post","link":"https:\/\/pasaenmendoza.com\/?p=12871","title":{"rendered":"El Gobierno envi\u00f3 un proyecto de ley que permita a la Polic\u00eda cobrar por los rescates en Alta Monta\u00f1a"},"content":{"rendered":"\n<p>El&nbsp;<strong>Poder Ejecutivo<\/strong>&nbsp;provincial envi\u00f3 a la&nbsp;<strong>Legislatura&nbsp;<\/strong>un proyecto de ley que propone incorporar el cobro de un cargo fijo por los operativos de rescate realizados por la&nbsp;<strong>Unidad Patrulla de Rescate de Alta Monta\u00f1a (UPRAM)&nbsp;<\/strong>y otros cuerpos especiales de la Polic\u00eda.<\/p>\n\n\n\n<p>La iniciativa, seg\u00fan se detalla en la proyecto enviado por el Ministerio de Seguridad y Justicia, busca fortalecer el financiamiento de estas acciones sin imponer obligatoriedad, pero s\u00ed estableciendo criterios claros de aplicaci\u00f3n.<\/p>\n\n\n\n<p>El nuevo art\u00edculo 26 bis que se pretende sumar a la Ley N\u00b0 6.722\u00a0habilita al Estado provincial a fijar un monto anual \u2014determinado por la Ley Impositiva\u2014 en base a factores como la cantidad de patrullas desplegadas, el uso de helic\u00f3pteros, drones, riesgos asumidos y si hubo negligencia por parte del rescatado.<\/p>\n\n\n\n<p>Al menos el 50% de los fondos recaudados ser\u00e1 destinado directamente a la UPRAM para fortalecer su funcionamiento y capacidad operativa.<\/p>\n\n\n\n<p><object data=\"https:\/\/www.elsol.com.ar\/wp-content\/uploads\/2025\/05\/3-NO-2025-00005159-HCDMZA-MESLE.pdf\" type=\"application\/pdf\"><\/object><\/p>\n\n\n\n<p>Entre los argumentos, el Ejecutivo destac\u00f3 que la medida no solo busca cubrir los costos que implican estos operativos, sino tambi\u00e9n \u201c<em>fomentar la responsabilidad individual y colectiva\u201d<\/em>&nbsp;al momento de emprender actividades de alto riesgo, particularmente en entornos de monta\u00f1a. Se tendr\u00e1 en cuenta si los rescatados contaban con dispositivos de geolocalizaci\u00f3n, comunicaci\u00f3n satelital o si actuaron de forma negligente.<\/p>\n\n\n\n<p>Actualmente, la Polic\u00eda de Mendoza cuenta con unidades especializadas que intervienen en situaciones extremas, entre ellas el Cuerpo de Aviaci\u00f3n Policial (CAP), la Divisi\u00f3n de Veh\u00edculos A\u00e9reos No Tripulados (VANT) y la propia UPRAM, con intervenci\u00f3n frecuente en operativos de rescate en la Cordillera de los Andes.<\/p>\n\n\n\n<p>El Gobierno remarc\u00f3 que estas estructuras se consolidaron como modelo en el pa\u00eds y requieren un sostenido mantenimiento presupuestario.<\/p>\n\n\n\n<p><strong>Fuente: www.elsol.com.ar<\/strong><\/p>\n","protected":false},"excerpt":{"rendered":"<p>El&nbsp;Poder Ejecutivo&nbsp;provincial envi\u00f3 a la&nbsp;Legislatura&nbsp;un proyecto de ley que propone incorporar el cobro de un cargo fijo por los operativos de rescate realizados por la&nbsp;Unidad Patrulla de Rescate de Alta Monta\u00f1a (UPRAM)&nbsp;y otros cuerpos especiales de la Polic\u00eda. La iniciativa, seg\u00fan se detalla en la proyecto enviado por el Ministerio de Seguridad y Justicia, busca [&hellip;]<\/p>\n","protected":false},"author":2,"featured_media":12872,"comment_status":"open","ping_status":"open","sticky":false,"template":"","format":"standard","meta":[],"categories":[48],"tags":[],"_links":{"self":[{"href":"https:\/\/pasaenmendoza.com\/index.php?rest_route=\/wp\/v2\/posts\/12871"}],"collection":[{"href":"https:\/\/pasaenmendoza.com\/index.php?rest_route=\/wp\/v2\/posts"}],"about":[{"href":"https:\/\/pasaenmendoza.com\/index.php?rest_route=\/wp\/v2\/types\/post"}],"author":[{"embeddable":true,"href":"https:\/\/pasaenmendoza.com\/index.php?rest_route=\/wp\/v2\/users\/2"}],"replies":[{"embeddable":true,"href":"https:\/\/pasaenmendoza.com\/index.php?rest_route=%2Fwp%2Fv2%2Fcomments&post=12871"}],"version-history":[{"count":1,"href":"https:\/\/pasaenmendoza.com\/index.php?rest_route=\/wp\/v2\/posts\/12871\/revisions"}],"predecessor-version":[{"id":12873,"href":"https:\/\/pasaenmendoza.com\/index.php?rest_route=\/wp\/v2\/posts\/12871\/revisions\/12873"}],"wp:featuredmedia":[{"embeddable":true,"href":"https:\/\/pasaenmendoza.com\/index.php?rest_route=\/wp\/v2\/media\/12872"}],"wp:attachment":[{"href":"https:\/\/pasaenmendoza.com\/index.php?rest_route=%2Fwp%2Fv2%2Fmedia&parent=12871"}],"wp:term":[{"taxonomy":"category","embeddable":true,"href":"https:\/\/pasaenmendoza.com\/index.php?rest_route=%2Fwp%2Fv2%2Fcategories&post=12871"},{"taxonomy":"post_tag","embeddable":true,"href":"https:\/\/pasaenmendoza.com\/index.php?rest_route=%2Fwp%2Fv2%2Ftags&post=12871"}],"curies":[{"name":"wp","href":"https:\/\/api.w.org\/{rel}","templated":true}]}}