{"id":12874,"date":"2025-05-12T16:25:21","date_gmt":"2025-05-12T14:25:21","guid":{"rendered":"https:\/\/pasaenmendoza.com\/?p=12874"},"modified":"2025-05-12T16:25:22","modified_gmt":"2025-05-12T14:25:22","slug":"el-tiempo-en-mendoza-lunes-con-ascenso-de-la-temperatura","status":"publish","type":"post","link":"https:\/\/pasaenmendoza.com\/?p=12874","title":{"rendered":"El tiempo en Mendoza: lunes con ascenso de la temperatura"},"content":{"rendered":"\n<p>Este lunes se presenta en Mendoza agradable, con<strong>&nbsp;ascenso de la temperatura<\/strong>. Se esperan vientos leves del noreste y estar\u00e1 poco nuboso en cordillera. La<strong>&nbsp;temperatura m\u00ednima pronosticada es de 10 grados y la m\u00e1xima alcanzar\u00eda los 25 grados.<\/strong><\/p>\n\n\n\n<p>Para el\u00a0<strong>martes<\/strong>, la Direcci\u00f3n de Contingencias Clim\u00e1ticas anticipa una jornada algo nublada, con poco cambio de la temperatura y vientos leves del sudeste. Estar\u00e1 poco nuboso en cordillera.<strong>\u00a0La m\u00ednima ser\u00e1 de 11 grados y la m\u00e1xima de 23<\/strong>.<\/p>\n\n\n\n<p>El mi\u00e9rcoles, en tanto, estar\u00e1 \u201calgo nublado con poco cambio de la temperatura, vientos leves del noreste. Parcialmente nublado en cordillera\u201d.<strong>\u00a0La m\u00ednima ser\u00e1 de 11 grados y la m\u00e1xima de 25.<\/strong><\/p>\n\n\n\n<p><strong>Fuente: www.elsol.com.ar<\/strong><\/p>\n","protected":false},"excerpt":{"rendered":"<p>Este lunes se presenta en Mendoza agradable, con&nbsp;ascenso de la temperatura. Se esperan vientos leves del noreste y estar\u00e1 poco nuboso en cordillera. La&nbsp;temperatura m\u00ednima pronosticada es de 10 grados y la m\u00e1xima alcanzar\u00eda los 25 grados. Para el\u00a0martes, la Direcci\u00f3n de Contingencias Clim\u00e1ticas anticipa una jornada algo nublada, con poco cambio de la temperatura [&hellip;]<\/p>\n","protected":false},"author":2,"featured_media":12875,"comment_status":"open","ping_status":"open","sticky":false,"template":"","format":"standard","meta":[],"categories":[52],"tags":[],"_links":{"self":[{"href":"https:\/\/pasaenmendoza.com\/index.php?rest_route=\/wp\/v2\/posts\/12874"}],"collection":[{"href":"https:\/\/pasaenmendoza.com\/index.php?rest_route=\/wp\/v2\/posts"}],"about":[{"href":"https:\/\/pasaenmendoza.com\/index.php?rest_route=\/wp\/v2\/types\/post"}],"author":[{"embeddable":true,"href":"https:\/\/pasaenmendoza.com\/index.php?rest_route=\/wp\/v2\/users\/2"}],"replies":[{"embeddable":true,"href":"https:\/\/pasaenmendoza.com\/index.php?rest_route=%2Fwp%2Fv2%2Fcomments&post=12874"}],"version-history":[{"count":1,"href":"https:\/\/pasaenmendoza.com\/index.php?rest_route=\/wp\/v2\/posts\/12874\/revisions"}],"predecessor-version":[{"id":12876,"href":"https:\/\/pasaenmendoza.com\/index.php?rest_route=\/wp\/v2\/posts\/12874\/revisions\/12876"}],"wp:featuredmedia":[{"embeddable":true,"href":"https:\/\/pasaenmendoza.com\/index.php?rest_route=\/wp\/v2\/media\/12875"}],"wp:attachment":[{"href":"https:\/\/pasaenmendoza.com\/index.php?rest_route=%2Fwp%2Fv2%2Fmedia&parent=12874"}],"wp:term":[{"taxonomy":"category","embeddable":true,"href":"https:\/\/pasaenmendoza.com\/index.php?rest_route=%2Fwp%2Fv2%2Fcategories&post=12874"},{"taxonomy":"post_tag","embeddable":true,"href":"https:\/\/pasaenmendoza.com\/index.php?rest_route=%2Fwp%2Fv2%2Ftags&post=12874"}],"curies":[{"name":"wp","href":"https:\/\/api.w.org\/{rel}","templated":true}]}}