{"id":12877,"date":"2025-05-12T16:32:03","date_gmt":"2025-05-12T14:32:03","guid":{"rendered":"https:\/\/pasaenmendoza.com\/?p=12877"},"modified":"2025-05-12T16:32:04","modified_gmt":"2025-05-12T14:32:04","slug":"tras-el-aumento-del-boleto-subieron-los-pasajes-de-media-y-larga-distancia-cuanto-cuesta-el-viaje","status":"publish","type":"post","link":"https:\/\/pasaenmendoza.com\/?p=12877","title":{"rendered":"Tras el aumento del boleto, subieron los pasajes de media y larga distancia: cu\u00e1nto cuesta el viaje"},"content":{"rendered":"\n<p>El gobierno provincial confirm\u00f3 que este lunes se aprobaron nuevos cuadros tarifarios para \u201cgarantizar la sustentabilidad del Fondo Compensador del Transporte\u201d. La medida se hizo oficial a trav\u00e9s de una nueva resoluci\u00f3n de la Secretar\u00eda de Transporte\u00a0<strong>en el mismo d\u00eda en el que aument\u00f3 el boleto del colectivo en el Gran Mendoza.<\/strong><\/p>\n\n\n\n<p>Seg\u00fan se inform\u00f3 oficialmente este lunes, la resoluci\u00f3n se toma como respuesta \u201ca la necesidad de sostener el subsidio que la Provincia destina a los usuarios del sistema\u201d, cubriendo la diferencia entre la recaudaci\u00f3n por tarifas y el costo real por kil\u00f3metro que se paga a las empresas prestadoras.<\/p>\n\n\n\n<p>El nuevo esquema tarifario fue propuesto por el Ente de la Movilidad Provincial y aprobado formalmente por la\u00a0<strong>Subsecretar\u00eda de Transporte<\/strong>. Entre las principales modificaciones, se establece que los recorridos urbanos de media y larga distancia tendr\u00e1n una tarifa equivalente a la del transporte urbano del\u00a0<strong>Gran Mendoza,\u00a0<\/strong>manteni\u00e9ndose una proporci\u00f3n similar en los recorridos restantes.<\/p>\n\n\n\n<p>Los nuevos cuadros tarifarios aprobados afectan a distintas empresas prestadoras, entre ellas Prestaciones S.A., Autotransportes Andesmar S.A., Autotransportes Iselin S.A., Antonio Buttini e Hijos S.R.L., La Uni\u00f3n S.R.L., CATA Internacional Ltda., Dice Tours S.R.L., Nueva Generaci\u00f3n S.A., y Transportes Gral. Bartolom\u00e9 Mitre S.R.L., agrupadas en distintos grupos operativos (300 al 850).<\/p>\n\n\n\n<p>El 1\u00b0 de mayo, el gobernador Alfredo Cornejo confirm\u00f3 que el sistema SUBE se ampliar\u00e1 y llegar\u00e1 al transporte de media y larga distancia en Mendoza. El primer departamento en el que se aplicar\u00e1 ser\u00e1 Lavalle y luego se ir\u00e1 expandiendo hacia otros destinos de la provincia.<\/p>\n\n\n\n<h2 class=\"wp-block-heading\" id=\"h-como-quedaron-los-valores-segun-los-trayectos\">C\u00f3mo quedaron los valores seg\u00fan los trayectos<\/h2>\n\n\n\n<ul>\n<li>Para viajar a Lavalle: $2.800<\/li>\n\n\n\n<li>Para viajar a San Mart\u00edn: $3.300<\/li>\n\n\n\n<li>Para viajar a La Paz: $9.300<\/li>\n\n\n\n<li>Para viajar a Tupungato: $8.500<\/li>\n\n\n\n<li>Para viajar a Tunuy\u00e1n: $9.300<\/li>\n\n\n\n<li>Para viajar a Potrerillos: $4.500<\/li>\n\n\n\n<li>Para viajar a Malarg\u00fce: $28.500<\/li>\n\n\n\n<li>Para viajar a Alvear: $21.300<\/li>\n\n\n\n<li>Para viajar a Uspallata: $11.600<\/li>\n\n\n\n<li>Para viajar a San Carlos: $10.500.<\/li>\n<\/ul>\n\n\n\n<p>Adem\u00e1s, se aprob\u00f3 un cuadro tarifario especial para las l\u00edneas 511, 512, 513, 514 y 518 (prestadas por Iselin S.A.) y las l\u00edneas 542, 543, 544 y 573 (prestadas por Buttini S.R.L.) para el horario valle, que comprende d\u00edas h\u00e1biles entre las 9:00 y 11:00 horas y de 14:30 a 16:00 horas.<\/p>\n\n\n\n<p><strong>Fuente: www.elsol.com.ar<\/strong><\/p>\n","protected":false},"excerpt":{"rendered":"<p>El gobierno provincial confirm\u00f3 que este lunes se aprobaron nuevos cuadros tarifarios para \u201cgarantizar la sustentabilidad del Fondo Compensador del Transporte\u201d. La medida se hizo oficial a trav\u00e9s de una nueva resoluci\u00f3n de la Secretar\u00eda de Transporte\u00a0en el mismo d\u00eda en el que aument\u00f3 el boleto del colectivo en el Gran Mendoza. Seg\u00fan se inform\u00f3 [&hellip;]<\/p>\n","protected":false},"author":2,"featured_media":12878,"comment_status":"open","ping_status":"open","sticky":false,"template":"","format":"standard","meta":[],"categories":[79],"tags":[],"_links":{"self":[{"href":"https:\/\/pasaenmendoza.com\/index.php?rest_route=\/wp\/v2\/posts\/12877"}],"collection":[{"href":"https:\/\/pasaenmendoza.com\/index.php?rest_route=\/wp\/v2\/posts"}],"about":[{"href":"https:\/\/pasaenmendoza.com\/index.php?rest_route=\/wp\/v2\/types\/post"}],"author":[{"embeddable":true,"href":"https:\/\/pasaenmendoza.com\/index.php?rest_route=\/wp\/v2\/users\/2"}],"replies":[{"embeddable":true,"href":"https:\/\/pasaenmendoza.com\/index.php?rest_route=%2Fwp%2Fv2%2Fcomments&post=12877"}],"version-history":[{"count":1,"href":"https:\/\/pasaenmendoza.com\/index.php?rest_route=\/wp\/v2\/posts\/12877\/revisions"}],"predecessor-version":[{"id":12879,"href":"https:\/\/pasaenmendoza.com\/index.php?rest_route=\/wp\/v2\/posts\/12877\/revisions\/12879"}],"wp:featuredmedia":[{"embeddable":true,"href":"https:\/\/pasaenmendoza.com\/index.php?rest_route=\/wp\/v2\/media\/12878"}],"wp:attachment":[{"href":"https:\/\/pasaenmendoza.com\/index.php?rest_route=%2Fwp%2Fv2%2Fmedia&parent=12877"}],"wp:term":[{"taxonomy":"category","embeddable":true,"href":"https:\/\/pasaenmendoza.com\/index.php?rest_route=%2Fwp%2Fv2%2Fcategories&post=12877"},{"taxonomy":"post_tag","embeddable":true,"href":"https:\/\/pasaenmendoza.com\/index.php?rest_route=%2Fwp%2Fv2%2Ftags&post=12877"}],"curies":[{"name":"wp","href":"https:\/\/api.w.org\/{rel}","templated":true}]}}