{"id":12883,"date":"2025-05-12T16:46:25","date_gmt":"2025-05-12T14:46:25","guid":{"rendered":"https:\/\/pasaenmendoza.com\/?p=12883"},"modified":"2025-05-12T16:46:26","modified_gmt":"2025-05-12T14:46:26","slug":"un-detenido-en-godoy-cruz-por-robo-de-cables-en-un-transformador","status":"publish","type":"post","link":"https:\/\/pasaenmendoza.com\/?p=12883","title":{"rendered":"Un detenido en Godoy Cruz por robo de cables en un transformador"},"content":{"rendered":"\n<p>Durante la madrugada de este lunes, un hombre de 53 a\u00f1os con antecedentes penales fue aprehendido por la Polic\u00eda en el departamento de Godoy Cruz<strong>&nbsp;por estar robando cables<\/strong>.&nbsp;<\/p>\n\n\n\n<p>El hecho sucedi\u00f3<strong>&nbsp;a las 00:05 horas por la calle 9 de Julio al 200, cerca del l\u00edmite con Guaymall\u00e9n<\/strong>, cuando un llamado a la l\u00ednea de emergencia 911 alert\u00f3 sobre la presencia de un sujeto que<strong>&nbsp;se encontraba sobre un transformador, donde estaba cortando y sustrayendo todo el cableado.<\/strong>&nbsp;Luego de un r\u00e1pido patrullaje del personal policial, se pudo llevar a cabo la detenci\u00f3n del hombre quien<strong>&nbsp;ten\u00eda en su poder varios cables y una sierra.&nbsp;<\/strong><\/p>\n\n\n\n<p>Adem\u00e1s, se pudo constatar que<strong>\u00a0hubo da\u00f1os en el transformador, donde tambi\u00e9n se logr\u00f3 hallar un cuchillo tipo tramontina de cocina y dos cajas de luces.<\/strong><\/p>\n\n\n\n<p>En este caso, intervino la\u00a0<strong>Oficina Fiscal de Jurisdicci\u00f3n<\/strong>. Cabe destacar que el sujeto tiene un<strong>\u00a0frondoso prontuario delictivo de robos agravados en los \u00faltimos 12 a\u00f1os.<\/strong><\/p>\n\n\n\n<p><strong>Fuente: www.mendozapost.com<\/strong><\/p>\n","protected":false},"excerpt":{"rendered":"<p>Durante la madrugada de este lunes, un hombre de 53 a\u00f1os con antecedentes penales fue aprehendido por la Polic\u00eda en el departamento de Godoy Cruz&nbsp;por estar robando cables.&nbsp; El hecho sucedi\u00f3&nbsp;a las 00:05 horas por la calle 9 de Julio al 200, cerca del l\u00edmite con Guaymall\u00e9n, cuando un llamado a la l\u00ednea de emergencia [&hellip;]<\/p>\n","protected":false},"author":2,"featured_media":12884,"comment_status":"open","ping_status":"open","sticky":false,"template":"","format":"standard","meta":[],"categories":[48],"tags":[],"_links":{"self":[{"href":"https:\/\/pasaenmendoza.com\/index.php?rest_route=\/wp\/v2\/posts\/12883"}],"collection":[{"href":"https:\/\/pasaenmendoza.com\/index.php?rest_route=\/wp\/v2\/posts"}],"about":[{"href":"https:\/\/pasaenmendoza.com\/index.php?rest_route=\/wp\/v2\/types\/post"}],"author":[{"embeddable":true,"href":"https:\/\/pasaenmendoza.com\/index.php?rest_route=\/wp\/v2\/users\/2"}],"replies":[{"embeddable":true,"href":"https:\/\/pasaenmendoza.com\/index.php?rest_route=%2Fwp%2Fv2%2Fcomments&post=12883"}],"version-history":[{"count":1,"href":"https:\/\/pasaenmendoza.com\/index.php?rest_route=\/wp\/v2\/posts\/12883\/revisions"}],"predecessor-version":[{"id":12885,"href":"https:\/\/pasaenmendoza.com\/index.php?rest_route=\/wp\/v2\/posts\/12883\/revisions\/12885"}],"wp:featuredmedia":[{"embeddable":true,"href":"https:\/\/pasaenmendoza.com\/index.php?rest_route=\/wp\/v2\/media\/12884"}],"wp:attachment":[{"href":"https:\/\/pasaenmendoza.com\/index.php?rest_route=%2Fwp%2Fv2%2Fmedia&parent=12883"}],"wp:term":[{"taxonomy":"category","embeddable":true,"href":"https:\/\/pasaenmendoza.com\/index.php?rest_route=%2Fwp%2Fv2%2Fcategories&post=12883"},{"taxonomy":"post_tag","embeddable":true,"href":"https:\/\/pasaenmendoza.com\/index.php?rest_route=%2Fwp%2Fv2%2Ftags&post=12883"}],"curies":[{"name":"wp","href":"https:\/\/api.w.org\/{rel}","templated":true}]}}