{"id":12895,"date":"2025-05-13T00:01:22","date_gmt":"2025-05-12T22:01:22","guid":{"rendered":"https:\/\/pasaenmendoza.com\/?p=12895"},"modified":"2025-05-13T00:02:29","modified_gmt":"2025-05-12T22:02:29","slug":"oficializaron-la-designacion-del-mendocino-luis-pierrini-como-secretario-de-transporte","status":"publish","type":"post","link":"https:\/\/pasaenmendoza.com\/?p=12895","title":{"rendered":"Oficializaron la designaci\u00f3n del mendocino Luis Pierrini como secretario de Transporte"},"content":{"rendered":"\n<p>El\u00a0<strong>gobierno nacional<\/strong>\u00a0oficializ\u00f3 este lunes la renuncia de Franco Mogetta como<strong>\u00a0secretario de Transporte<\/strong>\u00a0y la designaci\u00f3n del\u00a0<strong>mendocino Luis Pierrini<\/strong>\u00a0como su reemplazante.<\/p>\n\n\n\n<p>Lo hizo a trav\u00e9s del Decreto 321\/2025, publicado en el Bolet\u00edn Oficial, en el cual, en su art\u00edculo primero indica: \u201cAc\u00e9ptase, a partir del 9 de mayo de 2025, la renuncia presentada por el doctor Franco Hern\u00e1n Mogetta Prevedello, al cargo de la<strong>&nbsp;Secretar\u00eda de Transporte<\/strong>&nbsp;del Ministerio de Econom\u00eda\u201d.<\/p>\n\n\n\n<p>El art\u00edculo 2\u00b0 se\u00f1ala: \u201cAgrad\u00e9cense al funcionario renunciante los servicios prestados en el desempe\u00f1o de su cargo\u201d.<\/p>\n\n\n\n<p>Finalmente, el art\u00edculo 3\u00b0 dice: \u201cDes\u00edgnase, a partir del 10 de mayo de 2025, al se\u00f1or&nbsp;<strong>Luis Octavio Pierrini&nbsp;<\/strong>en el cargo de&nbsp;<strong>secretario de Transporte del Ministerio de Econom\u00eda\u201d.<\/strong><\/p>\n\n\n\n<p>Seg\u00fan pudo establecer Noticias Argentinas a trav\u00e9s de diversas fuentes, la salida de Mogetta y su reemplazo fue impulsada por el asesor Santiago Caputo, con aval del ministro de Econom\u00eda, Luis Caputo.<\/p>\n\n\n\n<p>Si bien desde el&nbsp;<strong>Gobierno<\/strong>&nbsp;se intent\u00f3 cubrir estas versiones bajo una salida consensuada para pasar a ocupar una candidatura, tal como lo indic\u00f3 Caputo en las redes sociales, aduciendo que Mogetta \u201cdeja su cargo porque es probable que sea candidato de La Libertad Avanza en las pr\u00f3ximas elecciones\u201d, los rumores apuntan a una decisi\u00f3n pol\u00edtica, derivada de la postura de los diputados cordobeses, afines al gobernador Mart\u00edn Llaryora, que dieron quorum para el tratamiento de Ficha Limpia.<\/p>\n\n\n\n<h3 class=\"wp-block-heading\">Qui\u00e9n es Luis Pierrini<\/h3>\n\n\n\n<p>El nuevo secretario es presidente y gerente general de Triunfo Seguros, una empresa fundada por su padre en 1967, con sede en&nbsp;<strong>Mendoza<\/strong>&nbsp;y fuerte presencia en provincias del oeste argentino como San Juan y San Luis.<\/p>\n\n\n\n<p>Con m\u00e1s de 650 empleados y m\u00e1s de 3.000 productores asociados en todo el pa\u00eds, Triunfo funciona bajo el modelo cooperativo. En la compa\u00f1\u00eda tambi\u00e9n trabajan sus dos hermanos, y es conocida por ser sponsor oficial de la selecci\u00f3n femenina de hockey sobre c\u00e9sped, Las Leonas.<\/p>\n\n\n\n<p>El nuevo funcionario no tiene antecedentes en la gesti\u00f3n p\u00fablica ni experiencia directa en el \u00e1mbito del&nbsp;<strong>transporte.<\/strong>&nbsp;Desde 2004 dirige la compa\u00f1\u00eda familiar, y en declaraciones a la prensa local ha mostrado preocupaci\u00f3n por los desaf\u00edos del sector asegurador.<\/p>\n\n\n\n<p>Adem\u00e1s de ser presidente de Triunfo Seguros y miembro del ICMIF (<strong>Asociaci\u00f3n Regional de la Federaci\u00f3n Internacional de Cooperativas y Mutuales de Seguros<\/strong>&nbsp;), es aficionado al automovilismo y ha ocupado cargos en organismos internacionales del sector asegurador como Reaseguradores Argentinos y la International Cooperative and Mutual Insurance Federation.&nbsp;<\/p>\n\n\n\n<p>Recientemente adquiri\u00f3 una parte accionaria del diario La Capital de Rosario, integr\u00e1ndose a un grupo de medios con presencia en el Litoral argentino.<\/p>\n\n\n\n<p>A\u00fan se desconoce la suerte que correr\u00e1n los subsecretarios que acompa\u00f1aban a Moguetta, Hern\u00e1n G\u00f3mez (<strong>Transporte A\u00e9reo<\/strong>), Mart\u00edn Ferreiro (Ferroviario) y Mariano Plencovich (Automotor).<\/p>\n\n\n\n<p><strong>Fuente: www.diariomendoza.com.ar<\/strong><\/p>\n","protected":false},"excerpt":{"rendered":"<p>El\u00a0gobierno nacional\u00a0oficializ\u00f3 este lunes la renuncia de Franco Mogetta como\u00a0secretario de Transporte\u00a0y la designaci\u00f3n del\u00a0mendocino Luis Pierrini\u00a0como su reemplazante. Lo hizo a trav\u00e9s del Decreto 321\/2025, publicado en el Bolet\u00edn Oficial, en el cual, en su art\u00edculo primero indica: \u201cAc\u00e9ptase, a partir del 9 de mayo de 2025, la renuncia presentada por el doctor Franco [&hellip;]<\/p>\n","protected":false},"author":2,"featured_media":12896,"comment_status":"open","ping_status":"open","sticky":false,"template":"","format":"standard","meta":[],"categories":[47],"tags":[],"_links":{"self":[{"href":"https:\/\/pasaenmendoza.com\/index.php?rest_route=\/wp\/v2\/posts\/12895"}],"collection":[{"href":"https:\/\/pasaenmendoza.com\/index.php?rest_route=\/wp\/v2\/posts"}],"about":[{"href":"https:\/\/pasaenmendoza.com\/index.php?rest_route=\/wp\/v2\/types\/post"}],"author":[{"embeddable":true,"href":"https:\/\/pasaenmendoza.com\/index.php?rest_route=\/wp\/v2\/users\/2"}],"replies":[{"embeddable":true,"href":"https:\/\/pasaenmendoza.com\/index.php?rest_route=%2Fwp%2Fv2%2Fcomments&post=12895"}],"version-history":[{"count":2,"href":"https:\/\/pasaenmendoza.com\/index.php?rest_route=\/wp\/v2\/posts\/12895\/revisions"}],"predecessor-version":[{"id":12898,"href":"https:\/\/pasaenmendoza.com\/index.php?rest_route=\/wp\/v2\/posts\/12895\/revisions\/12898"}],"wp:featuredmedia":[{"embeddable":true,"href":"https:\/\/pasaenmendoza.com\/index.php?rest_route=\/wp\/v2\/media\/12896"}],"wp:attachment":[{"href":"https:\/\/pasaenmendoza.com\/index.php?rest_route=%2Fwp%2Fv2%2Fmedia&parent=12895"}],"wp:term":[{"taxonomy":"category","embeddable":true,"href":"https:\/\/pasaenmendoza.com\/index.php?rest_route=%2Fwp%2Fv2%2Fcategories&post=12895"},{"taxonomy":"post_tag","embeddable":true,"href":"https:\/\/pasaenmendoza.com\/index.php?rest_route=%2Fwp%2Fv2%2Ftags&post=12895"}],"curies":[{"name":"wp","href":"https:\/\/api.w.org\/{rel}","templated":true}]}}