{"id":12899,"date":"2025-05-13T15:42:20","date_gmt":"2025-05-13T13:42:20","guid":{"rendered":"https:\/\/pasaenmendoza.com\/?p=12899"},"modified":"2025-05-13T15:42:21","modified_gmt":"2025-05-13T13:42:21","slug":"como-estara-el-tiempo-en-mendoza-este-martes","status":"publish","type":"post","link":"https:\/\/pasaenmendoza.com\/?p=12899","title":{"rendered":"C\u00f3mo estar\u00e1 el tiempo en Mendoza este martes"},"content":{"rendered":"\n<p>Este martes se prepara para ser un martes agradable en la provincia de&nbsp;<strong>Mendoza<\/strong>, sin muchos cambios respecto del lunes.<\/p>\n\n\n\n<p>Contingencias Clim\u00e1ticas indica que el d\u00eda estar\u00e1 \u201c<em>algo nublado con poco cambio de la temperatura, vientos leves del sudeste. Parcial nublado en cordillera\u201d.<\/em><\/p>\n\n\n\n<p>La m\u00e1xima ser\u00e1 de 24\u00baC y la m\u00ednima, de 11\u00baC.<\/p>\n\n\n\n<p>Por su parte, el d\u00eda mi\u00e9rcoles ser\u00e1 casi id\u00e9ntico en cuanto al estado del tiempo, con m\u00e1ximas y m\u00ednimas similares y sin cambio de la temperatura en la provincia.<\/p>\n\n\n\n<p><strong>Fuente: www.elsol.com.ar<\/strong><\/p>\n","protected":false},"excerpt":{"rendered":"<p>Este martes se prepara para ser un martes agradable en la provincia de&nbsp;Mendoza, sin muchos cambios respecto del lunes. Contingencias Clim\u00e1ticas indica que el d\u00eda estar\u00e1 \u201calgo nublado con poco cambio de la temperatura, vientos leves del sudeste. Parcial nublado en cordillera\u201d. La m\u00e1xima ser\u00e1 de 24\u00baC y la m\u00ednima, de 11\u00baC. Por su parte, [&hellip;]<\/p>\n","protected":false},"author":2,"featured_media":12900,"comment_status":"open","ping_status":"open","sticky":false,"template":"","format":"standard","meta":[],"categories":[52],"tags":[],"_links":{"self":[{"href":"https:\/\/pasaenmendoza.com\/index.php?rest_route=\/wp\/v2\/posts\/12899"}],"collection":[{"href":"https:\/\/pasaenmendoza.com\/index.php?rest_route=\/wp\/v2\/posts"}],"about":[{"href":"https:\/\/pasaenmendoza.com\/index.php?rest_route=\/wp\/v2\/types\/post"}],"author":[{"embeddable":true,"href":"https:\/\/pasaenmendoza.com\/index.php?rest_route=\/wp\/v2\/users\/2"}],"replies":[{"embeddable":true,"href":"https:\/\/pasaenmendoza.com\/index.php?rest_route=%2Fwp%2Fv2%2Fcomments&post=12899"}],"version-history":[{"count":1,"href":"https:\/\/pasaenmendoza.com\/index.php?rest_route=\/wp\/v2\/posts\/12899\/revisions"}],"predecessor-version":[{"id":12901,"href":"https:\/\/pasaenmendoza.com\/index.php?rest_route=\/wp\/v2\/posts\/12899\/revisions\/12901"}],"wp:featuredmedia":[{"embeddable":true,"href":"https:\/\/pasaenmendoza.com\/index.php?rest_route=\/wp\/v2\/media\/12900"}],"wp:attachment":[{"href":"https:\/\/pasaenmendoza.com\/index.php?rest_route=%2Fwp%2Fv2%2Fmedia&parent=12899"}],"wp:term":[{"taxonomy":"category","embeddable":true,"href":"https:\/\/pasaenmendoza.com\/index.php?rest_route=%2Fwp%2Fv2%2Fcategories&post=12899"},{"taxonomy":"post_tag","embeddable":true,"href":"https:\/\/pasaenmendoza.com\/index.php?rest_route=%2Fwp%2Fv2%2Ftags&post=12899"}],"curies":[{"name":"wp","href":"https:\/\/api.w.org\/{rel}","templated":true}]}}