{"id":1290,"date":"2023-09-08T12:31:10","date_gmt":"2023-09-08T10:31:10","guid":{"rendered":"https:\/\/pasaenmendoza.com\/?p=1290"},"modified":"2023-09-08T12:32:53","modified_gmt":"2023-09-08T10:32:53","slug":"dos-encuestas-coinciden-en-quien-seria-el-proximo-gobernador-en-una-eleccion-pareja","status":"publish","type":"post","link":"https:\/\/pasaenmendoza.com\/?p=1290","title":{"rendered":"Dos encuestas coinciden en qui\u00e9n ser\u00eda el pr\u00f3ximo gobernador, en una elecci\u00f3n pareja"},"content":{"rendered":"\n<p>Tanto el encuestador Elbio Rodr\u00edguez como Stella Toledo y Alberto Isuani coinciden en que un candidato es el m\u00e1s votado cuando falta poco m\u00e1s de 15 d\u00edas para los comicios generales del 24 de septiembre. El porcentaje de indecisos ronda el 20%. Se polariza la elecci\u00f3n.<\/p>\n\n\n\n<p>El candidato a\u00a0<strong>gobernador\u00a0<\/strong>de Cambia Mendoza\u00a0Alfredo Cornejo\u00a0es quien\u00a0tiene mayor intenci\u00f3n de voto, de acuerdo a dos\u00a0<strong>encuestas<\/strong>\u00a0recientes a las que accedi\u00f3 MDZ. Aunque en los dos sondeos hay matices por la diferencia con el principal rival de Cornejo, Omar De Marchi.<\/p>\n\n\n\n<p>La consultora Toledo \u2013 Isuani lo ubica primero, y segundo aparece, no tan lejano,\u00a0el candidato a gobernador de La Uni\u00f3n Mendocina Omar De Marchi y cree que hay un final abierto por el alto porcentaje de indecisos. Para Elbio Rodr\u00edguez, en cambio,\u00a0<strong>Cornejo<\/strong>\u00a0gana con mucha m\u00e1s diferencia sobre De Marchi que queda segundo lejos y considera\u00a0que los indecisos, que rondan el 20 por ciento, son los habituales en los sondeos, cuando restan m\u00e1s de dos semanas para el 24 de septiembre, es decir para\u00a0el comicio en el que se elegir\u00e1\u00a0<strong>gobernador\u00a0<\/strong>\u2013 vice, legisladores provinciales y 11 intendentes y la mitad de los concejos deliberantes de esos departamentos.<\/p>\n\n\n\n<p>Toledo- Isuani midi\u00f3 en las \u00e1reas urbanas del Gran Mendoza, Capital, Guaymall\u00e9n, Las Heras, Luj\u00e1n de Cuyo, Godoy Cruz, Maip\u00fa un total de 450 casos, entre el 4 y 5 de septiembre, es decir luego de la<strong>\u00a0<\/strong>elecci\u00f3n general de los 7 municipios que desdoblaron. Respecto al voto a\u00a0<strong>gobernador<\/strong>: \u201cHoy se detecta una paridad entre las dos fuerzas de mayor peso provincial, Cambia Mendoza y La Uni\u00f3n Mendocina. Se observa una cierta inclinaci\u00f3n a votar a Cambia Mendoza, centrado el voto en la figura de\u00a0<strong>Alfredo Cornejo<\/strong>, obteniendo casi 3 puntos de diferencia.Hay polarizaci\u00f3n del voto, no teniendo peso suficiente las dem\u00e1s fuerzas participantes en el pr\u00f3ximo acto eleccionario. Esto tambi\u00e9n se puede deducir al momento de indagar sobre qu\u00e9 dirigente mendocino podr\u00eda ser una esperanza para Mendoza. De all\u00ed se observan a\u00a0<strong>Alfredo Cornejo<\/strong>\u00a0y Omar De Marchi como destacados, seguidos muy lejos por algunos dirigentes que componen f\u00f3rmulas de candidaturas a\u00a0<strong>gobernador<\/strong>\u201d, concluyeron Toledo e Isuani en el informe de la encuesta.<\/p>\n\n\n\n<p>Los n\u00fameros que manejan para la intenci\u00f3n de voto a\u00a0<strong>gobernador\u00a0<\/strong>son:\u00a0para la dupla de Cambia Mendoza<strong>\u00a0Cornejo<\/strong>&#8211; Hebe Casado, el 31, 8% ; De Marchi \u2013 Orozco (La Uni\u00f3n Mendocina) con el 28,9%. El resto de las f\u00f3rmulas figura muy lejos, con menos del 5%, incluso con porcentajes menores que el voto en blanco y que los indecisos. Cuando preguntaron\u00a0qui\u00e9n representan una esperanza para Mendoza,\u00a0<strong>Cornejo<\/strong>\u00a0aparece nuevamente primero\u00a0con 31,4% y De Marchi con el 25,7. Detr\u00e1s de estos n\u00fameros, no est\u00e1n inmediatamente el resto de los postulantes para la\u00a0<strong>gobernaci\u00f3n<\/strong>\u00a0sino que la respuesta \u201cning\u00fan dirigente\u201d con el 18, 6%. Los restantes candidatos quedan ubicados muy lejos en la encuesta, que advierte la polarizaci\u00f3n entre ambas opciones.<\/p>\n\n\n\n<p>En tanto que para Rodr\u00edguez,\u00a0<strong>Cornejo<\/strong>\u00a0gana c\u00f3modo. Tom\u00f3 dos departamentos como referencia: Guaymall\u00e9n y San Mart\u00edn. Uno representa las \u00e1reas urbanas y el segundo las rurales. Pero el primero que es el m\u00e1s poblado de Mendoza, es caracter\u00edstico de toda la provincia, \u201cporque tiene en sus diferentes zonas que representan distintas clases sociales\u201d, de acuerdo a lo que cont\u00f3 el especialista  \u201cHe venido estudiando c\u00f3mo los resultados de Guaymall\u00e9n son casi los mismos que se dan a nivel provincial. Por eso considero que es una referencia\u201d, continu\u00f3. Camino a la elecci\u00f3n provincial, con el estudio de 450 casos en Guaymall\u00e9n, que Rodr\u00edguez hace de forma domiciliaria y los fines de semana (porque considera que es m\u00e1s representativo ya que las personas de distintas clases sociales est\u00e1n en sus casas y no en los trabajos),\u00a0<strong>Cornejo<\/strong>\u00a0gana con el 41% de los votos, mientras que De Marchi saca el 21%. Atr\u00e1s queda Omar Parisi, que es el candidato del peronismo con el 6,7%. Los resultados para San Mart\u00edn, son similares.\u00a0<strong>Cornejo<\/strong>\u00a0triunfa\u00a0con el 42% mientras que De Marchi obtiene el 15,8%. Parisi saca un poco m\u00e1s, casi el 10%, ya que obtiene el 9,9% de los votos. \u201cM\u00e1s all\u00e1 de la imagen positiva o negativa, lo que hay que tener en cuenta es que la gente tiene preferencias a la hora de votar\u201d, subraya. \u201cLo que prefiere es que lo que nos da el voto, lo que importa es el comportamiento, la actitud, m\u00e1s all\u00e1 de la imagen que tenga de uno u otro candidato\u201d, asegura Rodr\u00edguez.<\/p>\n\n\n\n<p>En ese sentido, para Toledo e Isuani: \u201cel 45% de los consultados menciona que elige su voto por un candidato candidata\u201d; seguido de quienes responden analizar ideas y planes de gobierno. S\u00f3lo un 10% se inclinan hoy a realizar una elecci\u00f3n por un partido o frente electoral. Aqu\u00ed queda demostrado una fuerte personalizaci\u00f3n de la pol\u00edtica, y una decadente atracci\u00f3n de partidos tradicionales o fuerzas electorales como motor de intenci\u00f3n de voto. Hoy los nombres de los dirigentes pesan m\u00e1s que la fuerza pol\u00edtica a la que responden, para un electorado autodenominado como \u201cindependiente en su mayor\u00eda que son el\u00a0\u00a0(80%)&#8221;, advierte la\u00a0<strong>encuesta.<\/strong><\/p>\n\n\n\n<p>FUENTE: Mdzonline.<\/p>\n","protected":false},"excerpt":{"rendered":"<p>Tanto el encuestador Elbio Rodr\u00edguez como Stella Toledo y Alberto Isuani coinciden en que un candidato es el m\u00e1s votado cuando falta poco m\u00e1s de 15 d\u00edas para los comicios generales del 24 de septiembre. El porcentaje de indecisos ronda el 20%. Se polariza la elecci\u00f3n. El candidato a\u00a0gobernador\u00a0de Cambia Mendoza\u00a0Alfredo Cornejo\u00a0es quien\u00a0tiene mayor intenci\u00f3n [&hellip;]<\/p>\n","protected":false},"author":2,"featured_media":1291,"comment_status":"open","ping_status":"open","sticky":true,"template":"","format":"standard","meta":[],"categories":[47],"tags":[],"_links":{"self":[{"href":"https:\/\/pasaenmendoza.com\/index.php?rest_route=\/wp\/v2\/posts\/1290"}],"collection":[{"href":"https:\/\/pasaenmendoza.com\/index.php?rest_route=\/wp\/v2\/posts"}],"about":[{"href":"https:\/\/pasaenmendoza.com\/index.php?rest_route=\/wp\/v2\/types\/post"}],"author":[{"embeddable":true,"href":"https:\/\/pasaenmendoza.com\/index.php?rest_route=\/wp\/v2\/users\/2"}],"replies":[{"embeddable":true,"href":"https:\/\/pasaenmendoza.com\/index.php?rest_route=%2Fwp%2Fv2%2Fcomments&post=1290"}],"version-history":[{"count":2,"href":"https:\/\/pasaenmendoza.com\/index.php?rest_route=\/wp\/v2\/posts\/1290\/revisions"}],"predecessor-version":[{"id":1293,"href":"https:\/\/pasaenmendoza.com\/index.php?rest_route=\/wp\/v2\/posts\/1290\/revisions\/1293"}],"wp:featuredmedia":[{"embeddable":true,"href":"https:\/\/pasaenmendoza.com\/index.php?rest_route=\/wp\/v2\/media\/1291"}],"wp:attachment":[{"href":"https:\/\/pasaenmendoza.com\/index.php?rest_route=%2Fwp%2Fv2%2Fmedia&parent=1290"}],"wp:term":[{"taxonomy":"category","embeddable":true,"href":"https:\/\/pasaenmendoza.com\/index.php?rest_route=%2Fwp%2Fv2%2Fcategories&post=1290"},{"taxonomy":"post_tag","embeddable":true,"href":"https:\/\/pasaenmendoza.com\/index.php?rest_route=%2Fwp%2Fv2%2Ftags&post=1290"}],"curies":[{"name":"wp","href":"https:\/\/api.w.org\/{rel}","templated":true}]}}