{"id":12902,"date":"2025-05-13T15:46:42","date_gmt":"2025-05-13T13:46:42","guid":{"rendered":"https:\/\/pasaenmendoza.com\/?p=12902"},"modified":"2025-05-13T15:46:43","modified_gmt":"2025-05-13T13:46:43","slug":"caos-vehicular-en-el-parque-san-martin-por-un-choque","status":"publish","type":"post","link":"https:\/\/pasaenmendoza.com\/?p=12902","title":{"rendered":"Caos vehicular en el Parque San Mart\u00edn por un choque"},"content":{"rendered":"\n<p>Un violento accidente de tr\u00e1nsito ocurri\u00f3 este martes en el<strong>&nbsp;Parque General San Mart\u00edn.&nbsp;<\/strong>Dos veh\u00edculos colisionaron y uno de ellos termin\u00f3 con dos ruedas dentro de la acequia, mientras que el otro qued\u00f3 sobre la vereda, a pocos metros del lugar del impacto.<\/p>\n\n\n\n<p>Seg\u00fan informaron testigos, el conductor de un Renault intentaba girar hacia el norte por Padre Contreras cuando fue embestido en la parte trasera por un auto Honda que circulaba por avenida Libertador. El fuerte impacto desvi\u00f3 a ambos veh\u00edculos fuera de la calzada.<\/p>\n\n\n\n<p>En el Renault viajaban dos personas que resultaron heridas y fueron trasladadas por personal del Servicio de Emergencias Coordinado (SEC) al hospital. Hasta el momento, no se ha informado sobre la gravedad de las lesiones.<\/p>\n\n\n\n<p>Tras el choque, la calle Libertador qued\u00f3 parcialmente cortada al tr\u00e1nsito, lo que gener\u00f3 demoras en la circulaci\u00f3n por la zona. Personal policial y de tr\u00e1nsito trabaj\u00f3 en el lugar para asistir a los involucrados y ordenar el flujo vehicular.<\/p>\n\n\n\n<p><strong>Fuente: www.elsol.com.ar<\/strong><\/p>\n","protected":false},"excerpt":{"rendered":"<p>Un violento accidente de tr\u00e1nsito ocurri\u00f3 este martes en el&nbsp;Parque General San Mart\u00edn.&nbsp;Dos veh\u00edculos colisionaron y uno de ellos termin\u00f3 con dos ruedas dentro de la acequia, mientras que el otro qued\u00f3 sobre la vereda, a pocos metros del lugar del impacto. Seg\u00fan informaron testigos, el conductor de un Renault intentaba girar hacia el norte [&hellip;]<\/p>\n","protected":false},"author":2,"featured_media":12903,"comment_status":"open","ping_status":"open","sticky":false,"template":"","format":"standard","meta":[],"categories":[48],"tags":[],"_links":{"self":[{"href":"https:\/\/pasaenmendoza.com\/index.php?rest_route=\/wp\/v2\/posts\/12902"}],"collection":[{"href":"https:\/\/pasaenmendoza.com\/index.php?rest_route=\/wp\/v2\/posts"}],"about":[{"href":"https:\/\/pasaenmendoza.com\/index.php?rest_route=\/wp\/v2\/types\/post"}],"author":[{"embeddable":true,"href":"https:\/\/pasaenmendoza.com\/index.php?rest_route=\/wp\/v2\/users\/2"}],"replies":[{"embeddable":true,"href":"https:\/\/pasaenmendoza.com\/index.php?rest_route=%2Fwp%2Fv2%2Fcomments&post=12902"}],"version-history":[{"count":1,"href":"https:\/\/pasaenmendoza.com\/index.php?rest_route=\/wp\/v2\/posts\/12902\/revisions"}],"predecessor-version":[{"id":12904,"href":"https:\/\/pasaenmendoza.com\/index.php?rest_route=\/wp\/v2\/posts\/12902\/revisions\/12904"}],"wp:featuredmedia":[{"embeddable":true,"href":"https:\/\/pasaenmendoza.com\/index.php?rest_route=\/wp\/v2\/media\/12903"}],"wp:attachment":[{"href":"https:\/\/pasaenmendoza.com\/index.php?rest_route=%2Fwp%2Fv2%2Fmedia&parent=12902"}],"wp:term":[{"taxonomy":"category","embeddable":true,"href":"https:\/\/pasaenmendoza.com\/index.php?rest_route=%2Fwp%2Fv2%2Fcategories&post=12902"},{"taxonomy":"post_tag","embeddable":true,"href":"https:\/\/pasaenmendoza.com\/index.php?rest_route=%2Fwp%2Fv2%2Ftags&post=12902"}],"curies":[{"name":"wp","href":"https:\/\/api.w.org\/{rel}","templated":true}]}}