{"id":12908,"date":"2025-05-13T16:00:49","date_gmt":"2025-05-13T14:00:49","guid":{"rendered":"https:\/\/pasaenmendoza.com\/?p=12908"},"modified":"2025-05-13T16:00:50","modified_gmt":"2025-05-13T14:00:50","slug":"estaba-con-su-suegro-y-desaparecio-buscan-a-un-hombre-en-las-heras","status":"publish","type":"post","link":"https:\/\/pasaenmendoza.com\/?p=12908","title":{"rendered":"Estaba con su suegro y desapareci\u00f3: buscan a un hombre en Las Heras"},"content":{"rendered":"\n<p>Un hombre de 32 a\u00f1os identificado como&nbsp;<strong>Franco Outeda es buscado desde la madrugada del s\u00e1bado<\/strong>, cuando desapareci\u00f3 en las inmediaciones del Parque de la Familia, en el departamento de Las Heras. Su familia denunci\u00f3 la situaci\u00f3n en una Oficina Fiscal de la jurisdicci\u00f3n e inici\u00f3 una campa\u00f1a en redes sociales para recabar datos que ayuden a dar con su paradero.<\/p>\n\n\n\n<p><strong>La desaparici\u00f3n ocurri\u00f3 luego de que Outeda saliera de una vivienda del barrio Jard\u00edn del Challao<\/strong>, donde se encontraba acompa\u00f1ado por su suegro. Desde entonces no volvi\u00f3 a ser visto y se desconoce su destino.<\/p>\n\n\n\n<p>La causa qued\u00f3 bajo investigaci\u00f3n de la fiscal de Homicidios Claudia Alejandra R\u00edos, quien orden\u00f3 las primeras medidas para dar con el paradero. Entre ellas, se incluyen\u00a0<strong>an\u00e1lisis de c\u00e1maras de seguridad, entrevistas a personas del entorno y rastrillajes\u00a0<\/strong>en la zona con efectivos de Investigaciones.<\/p>\n\n\n\n<p>Este lunes, familiares y allegados realizaron un&nbsp;<strong>corte de calle en cercan\u00edas del Parque de la Familia, en un intento por visibilizar el caso y reclamar que se intensifique la b\u00fasqueda<\/strong>. La protesta se llev\u00f3 adelante de forma pac\u00edfica y con carteles que mostraban la foto del desaparecido.<\/p>\n\n\n\n<p>Adem\u00e1s de la denuncia formal por averiguaci\u00f3n de paradero, los seres queridos de Outeda<strong>&nbsp;comenzaron una campa\u00f1a a trav\u00e9s de redes sociales, principalmente Facebook.&nbsp;<\/strong>En las publicaciones se detalla la vestimenta que llevaba al momento de su desaparici\u00f3n y se solicita a cualquier persona que tenga informaci\u00f3n que se comunique con las autoridades.<\/p>\n\n\n\n<p>Hasta pasadas las 21.30, no hab\u00eda pistas claras sobre lo que pudo haberle ocurrido al joven, y los investigadores no descartaban ninguna hip\u00f3tesis.<\/p>\n\n\n\n<p><strong>Fuente: www.elsol.com.ar<\/strong><\/p>\n","protected":false},"excerpt":{"rendered":"<p>Un hombre de 32 a\u00f1os identificado como&nbsp;Franco Outeda es buscado desde la madrugada del s\u00e1bado, cuando desapareci\u00f3 en las inmediaciones del Parque de la Familia, en el departamento de Las Heras. Su familia denunci\u00f3 la situaci\u00f3n en una Oficina Fiscal de la jurisdicci\u00f3n e inici\u00f3 una campa\u00f1a en redes sociales para recabar datos que ayuden [&hellip;]<\/p>\n","protected":false},"author":2,"featured_media":12909,"comment_status":"open","ping_status":"open","sticky":false,"template":"","format":"standard","meta":[],"categories":[48],"tags":[],"_links":{"self":[{"href":"https:\/\/pasaenmendoza.com\/index.php?rest_route=\/wp\/v2\/posts\/12908"}],"collection":[{"href":"https:\/\/pasaenmendoza.com\/index.php?rest_route=\/wp\/v2\/posts"}],"about":[{"href":"https:\/\/pasaenmendoza.com\/index.php?rest_route=\/wp\/v2\/types\/post"}],"author":[{"embeddable":true,"href":"https:\/\/pasaenmendoza.com\/index.php?rest_route=\/wp\/v2\/users\/2"}],"replies":[{"embeddable":true,"href":"https:\/\/pasaenmendoza.com\/index.php?rest_route=%2Fwp%2Fv2%2Fcomments&post=12908"}],"version-history":[{"count":1,"href":"https:\/\/pasaenmendoza.com\/index.php?rest_route=\/wp\/v2\/posts\/12908\/revisions"}],"predecessor-version":[{"id":12910,"href":"https:\/\/pasaenmendoza.com\/index.php?rest_route=\/wp\/v2\/posts\/12908\/revisions\/12910"}],"wp:featuredmedia":[{"embeddable":true,"href":"https:\/\/pasaenmendoza.com\/index.php?rest_route=\/wp\/v2\/media\/12909"}],"wp:attachment":[{"href":"https:\/\/pasaenmendoza.com\/index.php?rest_route=%2Fwp%2Fv2%2Fmedia&parent=12908"}],"wp:term":[{"taxonomy":"category","embeddable":true,"href":"https:\/\/pasaenmendoza.com\/index.php?rest_route=%2Fwp%2Fv2%2Fcategories&post=12908"},{"taxonomy":"post_tag","embeddable":true,"href":"https:\/\/pasaenmendoza.com\/index.php?rest_route=%2Fwp%2Fv2%2Ftags&post=12908"}],"curies":[{"name":"wp","href":"https:\/\/api.w.org\/{rel}","templated":true}]}}