{"id":12912,"date":"2025-05-13T21:43:26","date_gmt":"2025-05-13T19:43:26","guid":{"rendered":"https:\/\/pasaenmendoza.com\/?p=12912"},"modified":"2025-05-13T21:43:27","modified_gmt":"2025-05-13T19:43:27","slug":"pensiones-no-contributivas-2025-que-hago-ahora-que-nacion-revisara-el-sistema","status":"publish","type":"post","link":"https:\/\/pasaenmendoza.com\/?p=12912","title":{"rendered":"Pensiones no contributivas 2025: qu\u00e9 hago ahora que Naci\u00f3n revisar\u00e1 el sistema"},"content":{"rendered":"\n<p>En medio la incertidumbre generada por par\u00e1metros y procedimientos poco claros en el sistema de auditor\u00edas, el gobierno nacional derog\u00f3 los par\u00e1metros establecidos en enero para determinar la invalidez laboral a la hora de otorgar\u00a0<strong>pensiones no contributivas<\/strong>. Qu\u00e9 implica el cambio en medio de la revisi\u00f3n.<\/p>\n\n\n\n<p>Este martes se conoci\u00f3 formalmente la\u00a0Resoluci\u00f3n N\u00b0 1.172\/2025\u00a0de la Agencia Nacional de Discapacidad (<strong>ANDIS<\/strong>), que derog\u00f3 una resoluci\u00f3n anterior que establec\u00eda el baremo para la evaluaci\u00f3n m\u00e9dica de invalidez de las\u00a0<strong>Pensiones No Contributivas por Invalidez Laboral<\/strong>.<\/p>\n\n\n\n<p>&#8220;Con posterioridad a su entrada en vigencia, se han identificado diversas observaciones y oportunidades de mejora en los criterios de evaluaci\u00f3n contenidos en dicho baremo, especialmente en lo referido a la incorporaci\u00f3n de referencias a normativas internacionales&#8221;, expresa la normativa.<\/p>\n\n\n\n<p>En virtud de ello, la Direcci\u00f3n Nacional de Apoyos y Asignaciones Econ\u00f3micas recomend\u00f3 &#8220;su revisi\u00f3n y la elaboraci\u00f3n de una nueva propuesta que actualice los criterios t\u00e9cnicos y metodol\u00f3gicos para la evaluaci\u00f3n de la\u00a0<strong>invalidez laboral<\/strong>&#8220;.<\/p>\n\n\n\n<p>El baremo m\u00e9dico es un cuadro gradual establecido para evaluar los da\u00f1os derivados de accidentes o enfermedades. En este caso, par\u00e1metros o lineamientos necesarios para el otorgamiento o no de pensiones de la&nbsp;<strong>ANSES<\/strong>.<\/p>\n\n\n\n<h2 class=\"wp-block-heading\">Qu\u00e9 pasa con la auditor\u00eda de las pensiones no contributivas<\/h2>\n\n\n\n<p>\u201cEsta decisi\u00f3n se toma con el objetivo de avanzar en la implementaci\u00f3n de una nueva normativa que est\u00e1 siendo revisada por profesionales y especialistas en la tem\u00e1tica, con la activa participaci\u00f3n de organizaciones de la sociedad civil\u201d, expres\u00f3 la Agencia de Discapacidad en un comunicado luego de que la noticia generara revuelo entre aquellos&nbsp;<strong>pensionados&nbsp;<\/strong>que est\u00e1n siendo auditados por las autoridades.<\/p>\n\n\n\n<p>&#8220;Es importante se\u00f1alar que el baremo y los t\u00e9rminos del anexo de la resoluci\u00f3n derogada no fueron utilizados en ning\u00fan formulario, documentaci\u00f3n o base de datos, ni en\u00a0procesos de\u00a0<strong>auditor\u00eda<\/strong>&#8220;, explicaron.<\/p>\n\n\n\n<p>&#8220;Esta medida busca evitar demoras administrativas y garantizar un proceso m\u00e1s \u00e1gil y eficiente en la revisi\u00f3n de la normativa vigente&#8221;, cierra el escrito oficial.<\/p>\n\n\n\n<h2 class=\"wp-block-heading\">\u00bfFreno a las auditor\u00edas de las pensiones no contributivas?<\/h2>\n\n\n\n<p>Lo que qued\u00f3 sin efecto es la medida anunciada el 16 de enero, que estableci\u00f3 los par\u00e1metros para determinar el otorgamiento de&nbsp;<strong>pensiones no contributivas<\/strong>&nbsp;<strong>por invalidez laboral.<\/strong><\/p>\n\n\n\n<p>Seg\u00fan la propia Agencia de Discapacidad, esos lineamientos a\u00fan no se aplicaban para dar de baja aquellas que no cumplieran con los mismos conforme la\u00a0<strong>auditor\u00eda\u00a0<\/strong>que se est\u00e1 llevando a cabo. Sin embargo, medios bonaerenses se\u00f1alan que el proceso de revisi\u00f3n se suspender\u00e1 hasta tanto se conozca el nuevo baremo.<\/p>\n\n\n\n<p>Seg\u00fan un an\u00e1lisis elaborado por la Asociaci\u00f3n Civil por la Igualdad y la Justicia (ACIJ), el presupuesto 2025 prev\u00e9 una reducci\u00f3n del 15% en la cantidad de&nbsp;<strong>pensiones<\/strong>&nbsp;proyectadas respecto al a\u00f1o anterior, lo que representar\u00eda una disminuci\u00f3n de aproximadamente 177.740 prestaciones.<\/p>\n\n\n\n<p>En Mendoza, son 45.873 los beneficiarios de&nbsp;<strong>pensiones no contributivas por invalidez laboral<\/strong>, adem\u00e1s de los 280 trasplantados que tambi\u00e9n tienen una PNC pero que quedaron fuera del proceso de auditor\u00eda.<\/p>\n\n\n\n<p>La normativa derogada contemplaba un procedimiento para el otorgamiento de pensiones ajustado a un baremo m\u00e9dico con lineamientos para el an\u00e1lisis del grado de&nbsp;<strong>invalidez laboral<\/strong>&nbsp;que, seg\u00fan dijeron ahora desde la propia&nbsp;<strong>ANDIS<\/strong>, no cumpl\u00eda con los est\u00e1ndares internacionales.<\/p>\n\n\n\n<p>Los t\u00e9cnicos que evaluaron el sistema se\u00f1alaron que, m\u00e1s all\u00e1 del objetivo de transparencia, la<strong><\/strong>&nbsp;implementaci\u00f3n de ese&nbsp;<strong>baremo<\/strong>&nbsp;result\u00f3 inadecuada y sin una base s\u00f3lida<strong><\/strong>&nbsp;para garantizar la equidad de los beneficiarios.<\/p>\n\n\n\n<h2 class=\"wp-block-heading\">Qu\u00e9 dec\u00eda la normativa de enero para evaluar las pensiones no contributivas<\/h2>\n\n\n\n<p>En el anexo, la\u00a0resoluci\u00f3n derogada\u00a0establec\u00eda c\u00f3mo evaluar cualitativamente el\u00a0<strong>grado de deterioro psicof\u00edsico<\/strong>\u00a0seg\u00fan los distintos aparatos o sistemas.<\/p>\n\n\n\n<p>\u201cSe enuncia en cada apartado: por un lado, ejemplos de las afecciones que por la&nbsp;<strong>incapacidad&nbsp;<\/strong>que causan, implican un dictamen favorable a los fines del otorgamiento de la&nbsp;<strong>pensi\u00f3n<\/strong>; y, por otro lado, se las agrupa de acuerdo al grado&nbsp;<strong>incapacidad&nbsp;<\/strong>llegando as\u00ed a una clasificaci\u00f3n seg\u00fan impliquen:<\/p>\n\n\n\n<ul>\n<li>DICTAMEN SIEMPRE FAVORABLE: incapacidad suficiente para generar un dictamen m\u00e9dico favorable a los fines del otorgamiento de la&nbsp;<strong>pensi\u00f3n<\/strong>, independientemente de los factores socioecon\u00f3micos.<\/li>\n\n\n\n<li>EVALUABLE: necesidad de mayor&nbsp;<strong>evaluaci\u00f3n&nbsp;<\/strong>(para lo cual se puede recurrir al baremo, a la consideraci\u00f3n de los factores socioecon\u00f3micos, interconsultar con otros m\u00e9dicos u otras disciplinas o bien tener en cuenta otras patolog\u00edas invalidantes fehacientemente documentadas) ya que podr\u00eda llegar a generar un dictamen favorable o desfavorable debido al grado de&nbsp;<strong>invalidez&nbsp;<\/strong>alcanzada.<\/li>\n\n\n\n<li>INCAPACIDAD BAJA: si bien producen alg\u00fan grado de incapacidad, no llegar\u00eda al grado de&nbsp;<strong>invalidez&nbsp;<\/strong>requerida para otorgar la&nbsp;<strong>pensi\u00f3n<\/strong>&nbsp;ni aun teniendo en cuenta los otros factores.<\/li>\n\n\n\n<li>SIN INCAPACIDAD: tiene alguna patolog\u00eda, pero ausencia de&nbsp;<strong>incapacidad<\/strong>\u201d.<\/li>\n<\/ul>\n\n\n\n<h2 class=\"wp-block-heading\"><strong>Qu\u00e9 hago: revisi\u00f3n t\u00e9cnica y nueva auditor\u00eda de pensiones no contributivas<\/strong><\/h2>\n\n\n\n<p>Esta derogaci\u00f3n para estudiar cambios en la definici\u00f3n de&nbsp;<strong>invalidez laboral<\/strong>&nbsp;no significan que el gobierno haya decidido no seguir la revisi\u00f3n de las pensiones ya otorgadas.<\/p>\n\n\n\n<p>La Agencia Nacional de Discapacidad se tomar\u00e1 su tiempo para ajustar los lineamientos sin dejar sin el beneficio a quienes lo necesitan. El objetivo, dijo el jefe de Gabinete Guillermo Francos en su momento, es enfocar las&nbsp;<strong>pensiones no contributivas<\/strong>&nbsp;a \u201caquellas personas que presentan una verdadera imposibilidad para acceder al empleo y requieren acompa\u00f1amiento del Estado por motivos de salud y exclusi\u00f3n social\u201d.<\/p>\n\n\n\n<p>Por lo que aquellos beneficiarios que esperan\u00a0<strong>pensiones no contributivas por invalidez laboral<\/strong>\u00a0y los beneficiarios de las otorgadas oportunamente por la\u00a0<strong>ANSES\u00a0<\/strong>ahora deber\u00e1n esperar una nueva resoluci\u00f3n de la ANDIS para conocer los pasos a seguir.<\/p>\n\n\n\n<p><strong>Fuente: www.diariouno.com.ar<\/strong><\/p>\n","protected":false},"excerpt":{"rendered":"<p>En medio la incertidumbre generada por par\u00e1metros y procedimientos poco claros en el sistema de auditor\u00edas, el gobierno nacional derog\u00f3 los par\u00e1metros establecidos en enero para determinar la invalidez laboral a la hora de otorgar\u00a0pensiones no contributivas. Qu\u00e9 implica el cambio en medio de la revisi\u00f3n. Este martes se conoci\u00f3 formalmente la\u00a0Resoluci\u00f3n N\u00b0 1.172\/2025\u00a0de la [&hellip;]<\/p>\n","protected":false},"author":2,"featured_media":12913,"comment_status":"open","ping_status":"open","sticky":false,"template":"","format":"standard","meta":[],"categories":[57],"tags":[],"_links":{"self":[{"href":"https:\/\/pasaenmendoza.com\/index.php?rest_route=\/wp\/v2\/posts\/12912"}],"collection":[{"href":"https:\/\/pasaenmendoza.com\/index.php?rest_route=\/wp\/v2\/posts"}],"about":[{"href":"https:\/\/pasaenmendoza.com\/index.php?rest_route=\/wp\/v2\/types\/post"}],"author":[{"embeddable":true,"href":"https:\/\/pasaenmendoza.com\/index.php?rest_route=\/wp\/v2\/users\/2"}],"replies":[{"embeddable":true,"href":"https:\/\/pasaenmendoza.com\/index.php?rest_route=%2Fwp%2Fv2%2Fcomments&post=12912"}],"version-history":[{"count":1,"href":"https:\/\/pasaenmendoza.com\/index.php?rest_route=\/wp\/v2\/posts\/12912\/revisions"}],"predecessor-version":[{"id":12914,"href":"https:\/\/pasaenmendoza.com\/index.php?rest_route=\/wp\/v2\/posts\/12912\/revisions\/12914"}],"wp:featuredmedia":[{"embeddable":true,"href":"https:\/\/pasaenmendoza.com\/index.php?rest_route=\/wp\/v2\/media\/12913"}],"wp:attachment":[{"href":"https:\/\/pasaenmendoza.com\/index.php?rest_route=%2Fwp%2Fv2%2Fmedia&parent=12912"}],"wp:term":[{"taxonomy":"category","embeddable":true,"href":"https:\/\/pasaenmendoza.com\/index.php?rest_route=%2Fwp%2Fv2%2Fcategories&post=12912"},{"taxonomy":"post_tag","embeddable":true,"href":"https:\/\/pasaenmendoza.com\/index.php?rest_route=%2Fwp%2Fv2%2Ftags&post=12912"}],"curies":[{"name":"wp","href":"https:\/\/api.w.org\/{rel}","templated":true}]}}