{"id":12918,"date":"2025-05-13T22:44:41","date_gmt":"2025-05-13T20:44:41","guid":{"rendered":"https:\/\/pasaenmendoza.com\/?p=12918"},"modified":"2025-05-13T22:44:41","modified_gmt":"2025-05-13T20:44:41","slug":"por-el-reclamo-de-un-productor-mendocino-el-gobierno-elimino-trabas-para-exportar-hortalizas","status":"publish","type":"post","link":"https:\/\/pasaenmendoza.com\/?p=12918","title":{"rendered":"Por el reclamo de un productor mendocino, el Gobierno elimin\u00f3 trabas para exportar hortalizas"},"content":{"rendered":"\n<p>El Gobierno nacional dio un nuevo paso en su pol\u00edtica de desregulaci\u00f3n al\u00a0<strong>eliminar una serie de tr\u00e1mites burocr\u00e1ticos que complicaban la\u00a0exportaci\u00f3n de hortalizas frescas<\/strong>. La medida fue oficializada por el Servicio Nacional de Sanidad y Calidad Agroalimentaria (Senasa) y tiene un fuerte impacto en productores de todo el pa\u00eds, especialmente de Mendoza.<\/p>\n\n\n\n<p>Seg\u00fan detall\u00f3 el propio ministro de Desregulaci\u00f3n,\u00a0<strong>Federico Sturzenegger<\/strong>, la decisi\u00f3n se tom\u00f3 a ra\u00edz del reclamo de un productor mendocino de ajo, quien denunciaba exigencias arbitrarias que entorpec\u00edan su actividad exportadora. \u201cLe prohib\u00edan exportar ajos peque\u00f1os, aunque en Corea los usaban para hacer pur\u00e9\u201d, cont\u00f3 Sturzenegger en redes sociales.<\/p>\n\n\n\n<h3 class=\"wp-block-heading\">&nbsp;Qu\u00e9 cambia con la nueva resoluci\u00f3n<\/h3>\n\n\n\n<p>La nueva reglamentaci\u00f3n, que reemplaza normativas vigentes desde hace m\u00e1s de 40 a\u00f1os, busca\u00a0<strong>actualizar el marco legal a los est\u00e1ndares del\u00a0comercio internacional actual<\/strong>, reducir costos log\u00edsticos y mejorar la competitividad del sector agroalimentario argentino.<\/p>\n\n\n\n<p>Estos son los puntos m\u00e1s importantes de la&nbsp;<strong>Resoluci\u00f3n 328\/25<\/strong>&nbsp;de Senasa:<\/p>\n\n\n\n<p>&nbsp;<strong>Exportaci\u00f3n m\u00e1s \u00e1gil:<\/strong>&nbsp;se mantiene la obligaci\u00f3n del certificado fitosanitario, pero su gesti\u00f3n ser\u00e1 100% digital a trav\u00e9s del sistema Tr\u00e1mites a Distancia (TAD).<\/p>\n\n\n\n<p>&nbsp;<strong>Menos burocracia en origen:<\/strong>&nbsp;se elimina la habilitaci\u00f3n obligatoria en planta de empaque y se simplifican los requisitos de envasado y calidad.<\/p>\n\n\n\n<p>&nbsp;<strong>Registro obligatorio:<\/strong>&nbsp;todos los productores de hortalizas deber\u00e1n estar inscriptos en el Registro Nacional Sanitario de Productores Agropecuarios (RENSPA).<\/p>\n\n\n\n<p>&nbsp;<strong>Condiciones sanitarias:<\/strong>&nbsp;se mantienen exigencias para el empaque, que deber\u00e1 cumplir normas de higiene, ventilaci\u00f3n y rotulaci\u00f3n, tanto para el mercado interno como externo.<\/p>\n\n\n\n<p>&nbsp;<strong>Controles e inspecciones:<\/strong>&nbsp;Senasa conservar\u00e1 sus facultades para inspeccionar establecimientos y prevenir riesgos sanitarios.<\/p>\n\n\n\n<h3 class=\"wp-block-heading\">&nbsp;\u201cSe termina el Estado midiendo cabezas de ajo\u201d<\/h3>\n\n\n\n<p>Sturzenegger fue contundente al explicar el trasfondo de la medida:<\/p>\n\n\n\n<p>\u201cEl Estado gastaba recursos midiendo cabezas de ajo para exportar, en lugar de dejar que el mercado decida. Con esta resoluci\u00f3n, eso se termina\u201d, afirm\u00f3.<\/p>\n\n\n\n<p>La desregulaci\u00f3n forma parte de un paquete de medidas con las que el Gobierno busca aligerar cargas para el sector agroindustrial y fomentar las exportaciones, especialmente de econom\u00edas regionales.<\/p>\n\n\n\n<h3 class=\"wp-block-heading\">&nbsp;Control y sanciones<\/h3>\n\n\n\n<p>Aunque los requisitos se reducen,\u00a0<strong>el Senasa aclar\u00f3 que las nuevas disposiciones no implican una relajaci\u00f3n en la vigilancia sanitaria<\/strong>. El organismo podr\u00e1 aplicar sanciones en caso de incumplimientos, en el marco de la legislaci\u00f3n vigente, y llam\u00f3 a los productores a adaptarse a la\u00a0nueva normativa.<\/p>\n\n\n\n<p><strong>Fuente: www.diariomendoza.com.ar<\/strong><\/p>\n","protected":false},"excerpt":{"rendered":"<p>El Gobierno nacional dio un nuevo paso en su pol\u00edtica de desregulaci\u00f3n al\u00a0eliminar una serie de tr\u00e1mites burocr\u00e1ticos que complicaban la\u00a0exportaci\u00f3n de hortalizas frescas. La medida fue oficializada por el Servicio Nacional de Sanidad y Calidad Agroalimentaria (Senasa) y tiene un fuerte impacto en productores de todo el pa\u00eds, especialmente de Mendoza. Seg\u00fan detall\u00f3 el [&hellip;]<\/p>\n","protected":false},"author":2,"featured_media":12919,"comment_status":"open","ping_status":"open","sticky":false,"template":"","format":"standard","meta":[],"categories":[85],"tags":[],"_links":{"self":[{"href":"https:\/\/pasaenmendoza.com\/index.php?rest_route=\/wp\/v2\/posts\/12918"}],"collection":[{"href":"https:\/\/pasaenmendoza.com\/index.php?rest_route=\/wp\/v2\/posts"}],"about":[{"href":"https:\/\/pasaenmendoza.com\/index.php?rest_route=\/wp\/v2\/types\/post"}],"author":[{"embeddable":true,"href":"https:\/\/pasaenmendoza.com\/index.php?rest_route=\/wp\/v2\/users\/2"}],"replies":[{"embeddable":true,"href":"https:\/\/pasaenmendoza.com\/index.php?rest_route=%2Fwp%2Fv2%2Fcomments&post=12918"}],"version-history":[{"count":1,"href":"https:\/\/pasaenmendoza.com\/index.php?rest_route=\/wp\/v2\/posts\/12918\/revisions"}],"predecessor-version":[{"id":12920,"href":"https:\/\/pasaenmendoza.com\/index.php?rest_route=\/wp\/v2\/posts\/12918\/revisions\/12920"}],"wp:featuredmedia":[{"embeddable":true,"href":"https:\/\/pasaenmendoza.com\/index.php?rest_route=\/wp\/v2\/media\/12919"}],"wp:attachment":[{"href":"https:\/\/pasaenmendoza.com\/index.php?rest_route=%2Fwp%2Fv2%2Fmedia&parent=12918"}],"wp:term":[{"taxonomy":"category","embeddable":true,"href":"https:\/\/pasaenmendoza.com\/index.php?rest_route=%2Fwp%2Fv2%2Fcategories&post=12918"},{"taxonomy":"post_tag","embeddable":true,"href":"https:\/\/pasaenmendoza.com\/index.php?rest_route=%2Fwp%2Fv2%2Ftags&post=12918"}],"curies":[{"name":"wp","href":"https:\/\/api.w.org\/{rel}","templated":true}]}}