{"id":12927,"date":"2025-05-14T15:25:50","date_gmt":"2025-05-14T13:25:50","guid":{"rendered":"https:\/\/pasaenmendoza.com\/?p=12927"},"modified":"2025-05-14T15:25:51","modified_gmt":"2025-05-14T13:25:51","slug":"una-camioneta-volco-tras-chocar-con-un-auto-en-el-acceso-sur-transito-cortado-y-caos-vehicular","status":"publish","type":"post","link":"https:\/\/pasaenmendoza.com\/?p=12927","title":{"rendered":"Una camioneta volc\u00f3 tras chocar con un auto en el Acceso Sur: tr\u00e1nsito cortado y caos vehicular"},"content":{"rendered":"\n<p>Un fuerte choque se produjo en las primeras horas de la ma\u00f1ana de este mi\u00e9rcoles en&nbsp;<strong>Acceso Sur y Lamadrid<\/strong>, en la mano que va hacia el norte. Una persona qued\u00f3 con heridas y golpes, sumado al shock del momento, por lo que tuvo que ser atendido por los m\u00e9dicos.<\/p>\n\n\n\n<p>El siniestro se dio entre una Toyota Hilux y un veh\u00edculo Chevrolet. La acompa\u00f1ante del hombre que iba en la camioneta fue la persona que qued\u00f3 con heridas producto del impacto.<\/p>\n\n\n\n<p>Los dos vehiculos circulaban de sur a norte y el auto fue el que choc\u00f3 a la camioneta por detr\u00e1s, por lo que la camioneta\u00a0<strong>volc\u00f3\u00a0<\/strong>y dio un giro completo hasta volver a quedar en cuatro ruedas.<\/p>\n\n\n\n<p>El tr\u00e1nsito en la zona se convirti\u00f3 en un verdadero caos cuando Tr\u00e1nsito y las ambulancias llegaron a la zona, por lo que el ingreso a la Ciudad o hacia el Acceso Este present\u00f3 demoras en las primeras horas de la ma\u00f1ana.<\/p>\n\n\n\n<p>Los veh\u00edculos que circulaban por la ruta debieron ser desviados por el puente de Lamadrid.<\/p>\n\n\n\n<p><strong>Fuente: www.elsol.com.ar<\/strong><\/p>\n","protected":false},"excerpt":{"rendered":"<p>Un fuerte choque se produjo en las primeras horas de la ma\u00f1ana de este mi\u00e9rcoles en&nbsp;Acceso Sur y Lamadrid, en la mano que va hacia el norte. Una persona qued\u00f3 con heridas y golpes, sumado al shock del momento, por lo que tuvo que ser atendido por los m\u00e9dicos. El siniestro se dio entre una [&hellip;]<\/p>\n","protected":false},"author":2,"featured_media":12928,"comment_status":"open","ping_status":"open","sticky":false,"template":"","format":"standard","meta":[],"categories":[48],"tags":[],"_links":{"self":[{"href":"https:\/\/pasaenmendoza.com\/index.php?rest_route=\/wp\/v2\/posts\/12927"}],"collection":[{"href":"https:\/\/pasaenmendoza.com\/index.php?rest_route=\/wp\/v2\/posts"}],"about":[{"href":"https:\/\/pasaenmendoza.com\/index.php?rest_route=\/wp\/v2\/types\/post"}],"author":[{"embeddable":true,"href":"https:\/\/pasaenmendoza.com\/index.php?rest_route=\/wp\/v2\/users\/2"}],"replies":[{"embeddable":true,"href":"https:\/\/pasaenmendoza.com\/index.php?rest_route=%2Fwp%2Fv2%2Fcomments&post=12927"}],"version-history":[{"count":1,"href":"https:\/\/pasaenmendoza.com\/index.php?rest_route=\/wp\/v2\/posts\/12927\/revisions"}],"predecessor-version":[{"id":12929,"href":"https:\/\/pasaenmendoza.com\/index.php?rest_route=\/wp\/v2\/posts\/12927\/revisions\/12929"}],"wp:featuredmedia":[{"embeddable":true,"href":"https:\/\/pasaenmendoza.com\/index.php?rest_route=\/wp\/v2\/media\/12928"}],"wp:attachment":[{"href":"https:\/\/pasaenmendoza.com\/index.php?rest_route=%2Fwp%2Fv2%2Fmedia&parent=12927"}],"wp:term":[{"taxonomy":"category","embeddable":true,"href":"https:\/\/pasaenmendoza.com\/index.php?rest_route=%2Fwp%2Fv2%2Fcategories&post=12927"},{"taxonomy":"post_tag","embeddable":true,"href":"https:\/\/pasaenmendoza.com\/index.php?rest_route=%2Fwp%2Fv2%2Ftags&post=12927"}],"curies":[{"name":"wp","href":"https:\/\/api.w.org\/{rel}","templated":true}]}}