{"id":12933,"date":"2025-05-14T16:06:15","date_gmt":"2025-05-14T14:06:15","guid":{"rendered":"https:\/\/pasaenmendoza.com\/?p=12933"},"modified":"2025-05-14T16:06:16","modified_gmt":"2025-05-14T14:06:16","slug":"celulares-mas-baratos-desde-cuando-se-podran-comprar-sin-impuestos-en-mendoza","status":"publish","type":"post","link":"https:\/\/pasaenmendoza.com\/?p=12933","title":{"rendered":"Celulares \u201cm\u00e1s baratos\u201d: desde cu\u00e1ndo se podr\u00e1n comprar sin impuestos en Mendoza"},"content":{"rendered":"\n<p>El Gobierno nacional anunci\u00f3 este martes que&nbsp;<strong>eliminar\u00e1 en dos etapas<\/strong>&nbsp;los&nbsp;<strong>aranceles de importaci\u00f3n de tel\u00e9fonos celulares<\/strong>. Si bien la iniciativa del Ejecutivo nacional fue<strong>&nbsp;bien recibida por los comerciantes de Mendoza<\/strong>, ya que estipulan una baja entre el&nbsp;<strong>10% y 5%<\/strong>&nbsp;en los productos, aclararon que no se ver\u00e1 reflejada en el&nbsp;<em>\u201ccorto plazo\u201d<\/em>.&nbsp;<\/p>\n\n\n\n<p>Para Mendoza, seg\u00fan los comerciantes de electr\u00f3nica, tendr\u00e1 un efecto<em>\u00a0\u201cpositivo\u201d\u00a0<\/em>en el precio final de los\u00a0<strong>celulares<\/strong>, sin importar de la marca que se trate. Si bien no se puede determinar un porcentaje exacto de reducci\u00f3n, los especialistas dejaron en claro que ser\u00e1 entre un<strong>\u00a010% y 5% en esta primera etapa<\/strong>.<\/p>\n\n\n\n<p>La primera fase entrar\u00e1 en vigencia este jueves o viernes con la publicaci\u00f3n del decreto, donde\u00a0<strong>se reducir\u00e1 el arancel vigente del 16% al 8%<\/strong>. Mientras que la segunda etapa se implementar\u00e1 el\u00a0<strong>15 de enero de 2026, cuando el arancel pasar\u00e1 a 0% de manera definitiva<\/strong>.<\/p>\n\n\n\n<p><em>\u201cEs todo muy nuevo, pero a grandes rasgos los descuentos pensamos que no ser\u00e1n mayores al 10%. De hecho, ya hemos empezado a ofrecer e identificar los productos que no pagan impuestos para que el cliente se empiece a familiarizar\u201d<\/em>, sentenciaron desde&nbsp;<strong>Cetrogar<\/strong>.&nbsp;<\/p>\n\n\n\n<p>Mientras hacen c\u00e1lculos para afinar las cifras, las empresas y comercios que importan, como es el caso de\u00a0<strong>One Store, Tech Store<\/strong>, entre otros, indicaron que la<strong>\u00a0medida no tendr\u00e1 un impacto inmediato<\/strong>, m\u00e1s all\u00e1 de que comience a regir desde esta semana.\u00a0<\/p>\n\n\n\n<p><em>\u201cLos precios se mantendr\u00e1n hasta que se termine con el lote comprado bajo el anterior porcentaje, por lo que el cliente en un principio no ver\u00eda reflejado la reducci\u00f3n\u201d.<\/em>&nbsp;Sin olvidar que \u201c<em>depender\u00e1 mucho de la demanda que tengas y c\u00f3mo se va moviendo el abastecimiento\u201d<\/em>, ejemplific\u00f3&nbsp;<strong>Marcos Campuzano<\/strong>, due\u00f1o de&nbsp;<strong>Tech store<\/strong>.&nbsp;&nbsp;&nbsp;&nbsp;&nbsp;&nbsp;<\/p>\n\n\n\n<p>Esto es una clara referencia de los comerciantes de Mendoza, ya que estipulan que la\u00a0<strong>baja arancelaria ser\u00e1 para los productos que ingresen en los pr\u00f3ximos meses<\/strong>, no para los que est\u00e1n a la venta ahora y por los que ya pagaron el arancel de importaci\u00f3n.\u00a0<\/p>\n\n\n\n<p>La medida tambi\u00e9n incluye una reducci\u00f3n de los impuestos internos para<strong>\u00a0televisores y aires acondicionados del 19%, al 9,5%<\/strong>. Es aqu\u00ed donde los comerciantes fueron cautos sobre la situaci\u00f3n y no se animaron a arrojar un porcentaje, debido a que<strong>\u00a0existen otras variables, como es el caso de la cotizaci\u00f3n del d\u00f3lar y la \u00e9poca del a\u00f1o, que determinan el precio<\/strong>.\u00a0 \u00a0\u00a0<\/p>\n\n\n\n<h2 class=\"wp-block-heading\" id=\"h-los-precios\">Los precios<\/h2>\n\n\n\n<p>En la actualidad, un\u00a0<strong>celular 5G en Argentina<\/strong>, un tel\u00e9fono de alta gama, cuesta el\u00a0<strong>doble que en Brasil o Estados Unidos<\/strong>.<\/p>\n\n\n\n<p>Los precios pueden llegar hasta&nbsp;<strong>2.566 d\u00f3lares<\/strong>, es decir, m\u00e1s de dos millones de pesos. En&nbsp;<strong>Madrid,<\/strong>&nbsp;el precio m\u00e1s caro es de&nbsp;<strong>U$D 1.290<\/strong>, en&nbsp;<strong>Chile U$D 1.147<\/strong>&nbsp;y en&nbsp;<strong>Londres U$D 1.143<\/strong>.<\/p>\n\n\n\n<p>A su vez, el Ejecutivo nacional exhibi\u00f3 un cuadro en el que compara el precio de los tel\u00e9fonos en el pa\u00eds con las dem\u00e1s naciones de la regi\u00f3n, mostrando la\u00a0<strong>abismal diferencia que hay en los costos para adquirir este tipo de artefactos tecnol\u00f3gicos de \u00faltima generaci\u00f3n<\/strong>.<\/p>\n\n\n\n<h2 class=\"wp-block-heading\" id=\"h-la-situacion-en-tierra-del-fuego\">La situaci\u00f3n en Tierra del Fuego<\/h2>\n\n\n\n<p>La reducci\u00f3n del impuesto interno para los art\u00edculos fabricados en&nbsp;<strong>Tierra del Fuego<\/strong>&nbsp;a&nbsp;<strong>cero<\/strong>&nbsp;busca compensar parcialmente la<strong>&nbsp;eliminaci\u00f3n de los aranceles<\/strong>, que&nbsp;<strong>podr\u00eda beneficiar a los productos importados<\/strong>&nbsp;en t\u00e9rminos de precio final.&nbsp;<strong>Adorni<\/strong>, por su parte, sostuvo que no esperan que estas medidas tengan impacto en la estructura productiva de dicha provincia.<\/p>\n\n\n\n<p>De acuerdo con\u00a0<strong>Fabio Riveros<\/strong>, encargado de\u00a0<strong>BGH<\/strong>, le asegur\u00f3 a\u00a0<em>El Sol\u00a0<\/em>que, a pesar de que se lo quiera ocultar, la medida tendr\u00e1 un efecto\u00a0<em>\u201cnegativo\u201d<\/em>\u00a0en el sector, ya que la producci\u00f3n de celulares va a disminuir considerablemente.\u00a0<\/p>\n\n\n\n<p><em>\u201cSi hay menos demanda, se va a ver menos gente trabajando. Incluso estamos pasando por un proceso de reducci\u00f3n, donde las f\u00e1bricas est\u00e1n un poco paradas. Las personas no est\u00e1n comprando y eso no ayuda en la producci\u00f3n\u201d<\/em>, concluy\u00f3.&nbsp;<\/p>\n\n\n\n<p>El propio gobernador de Tierra del Fuego,&nbsp;<strong>Gustavo Melella<\/strong>, se mostr\u00f3 preocupado y expuso su intranquilidad frente a la resoluci\u00f3n:&nbsp;<em>\u201cNos genera profunda preocupaci\u00f3n el anuncio del Gobierno nacional de eliminar los aranceles a la importaci\u00f3n de celulares y reducir los impuestos internos sobre televisores y aires acondicionados, una medida que representa un golpe muy duro para nuestra industria\u201d<\/em>.<\/p>\n\n\n\n<p>Por \u00faltimo, el mandatario del sur precis\u00f3 que\u00a0<em>\u201cla industria fueguina es empleo, es soberan\u00eda, y representa un desarrollo tecnol\u00f3gico de alta calidad que no existe en ninguna otra parte del pa\u00eds\u201d<\/em>.<\/p>\n\n\n\n<p><strong>Fuente: www.elsol.com.ar<\/strong><\/p>\n","protected":false},"excerpt":{"rendered":"<p>El Gobierno nacional anunci\u00f3 este martes que&nbsp;eliminar\u00e1 en dos etapas&nbsp;los&nbsp;aranceles de importaci\u00f3n de tel\u00e9fonos celulares. Si bien la iniciativa del Ejecutivo nacional fue&nbsp;bien recibida por los comerciantes de Mendoza, ya que estipulan una baja entre el&nbsp;10% y 5%&nbsp;en los productos, aclararon que no se ver\u00e1 reflejada en el&nbsp;\u201ccorto plazo\u201d.&nbsp; Para Mendoza, seg\u00fan los comerciantes de [&hellip;]<\/p>\n","protected":false},"author":2,"featured_media":12934,"comment_status":"open","ping_status":"open","sticky":false,"template":"","format":"standard","meta":[],"categories":[50],"tags":[],"_links":{"self":[{"href":"https:\/\/pasaenmendoza.com\/index.php?rest_route=\/wp\/v2\/posts\/12933"}],"collection":[{"href":"https:\/\/pasaenmendoza.com\/index.php?rest_route=\/wp\/v2\/posts"}],"about":[{"href":"https:\/\/pasaenmendoza.com\/index.php?rest_route=\/wp\/v2\/types\/post"}],"author":[{"embeddable":true,"href":"https:\/\/pasaenmendoza.com\/index.php?rest_route=\/wp\/v2\/users\/2"}],"replies":[{"embeddable":true,"href":"https:\/\/pasaenmendoza.com\/index.php?rest_route=%2Fwp%2Fv2%2Fcomments&post=12933"}],"version-history":[{"count":1,"href":"https:\/\/pasaenmendoza.com\/index.php?rest_route=\/wp\/v2\/posts\/12933\/revisions"}],"predecessor-version":[{"id":12935,"href":"https:\/\/pasaenmendoza.com\/index.php?rest_route=\/wp\/v2\/posts\/12933\/revisions\/12935"}],"wp:featuredmedia":[{"embeddable":true,"href":"https:\/\/pasaenmendoza.com\/index.php?rest_route=\/wp\/v2\/media\/12934"}],"wp:attachment":[{"href":"https:\/\/pasaenmendoza.com\/index.php?rest_route=%2Fwp%2Fv2%2Fmedia&parent=12933"}],"wp:term":[{"taxonomy":"category","embeddable":true,"href":"https:\/\/pasaenmendoza.com\/index.php?rest_route=%2Fwp%2Fv2%2Fcategories&post=12933"},{"taxonomy":"post_tag","embeddable":true,"href":"https:\/\/pasaenmendoza.com\/index.php?rest_route=%2Fwp%2Fv2%2Ftags&post=12933"}],"curies":[{"name":"wp","href":"https:\/\/api.w.org\/{rel}","templated":true}]}}