{"id":1294,"date":"2023-09-08T12:42:48","date_gmt":"2023-09-08T10:42:48","guid":{"rendered":"https:\/\/pasaenmendoza.com\/?p=1294"},"modified":"2023-09-08T12:42:49","modified_gmt":"2023-09-08T10:42:49","slug":"cornejo-propuso-agilizar-la-reparacion-de-escuelas","status":"publish","type":"post","link":"https:\/\/pasaenmendoza.com\/?p=1294","title":{"rendered":"Cornejo propuso agilizar la reparaci\u00f3n de escuelas"},"content":{"rendered":"\n<p>El\u00a0<a rel=\"noreferrer noopener\" href=\"https:\/\/www.mendozapost.com\/politica\/elecciones-mendoza-2023-que-votamos-septiembre\/\" target=\"_blank\">candidato a la gobernaci\u00f3n<\/a>\u00a0<a rel=\"noreferrer noopener\" href=\"https:\/\/www.mendozapost.com\/politica\/alfredo-cornejo-biografia-historia\/\" target=\"_blank\"><strong>Alfredo Cornejo<\/strong><\/a>, y su compa\u00f1era de f\u00f3rmula, Hebe Casado, participaron de la inauguraci\u00f3n de la escuela especial Padre Jos\u00e9 Carrone, ubicada en Paraje Pobre Diablo, del departamento de San Rafael.<\/p>\n\n\n\n<p>La actividad estuvo encabezada por el gobernador\u00a0<a rel=\"noreferrer noopener\" href=\"https:\/\/www.mendozapost.com\/politica\/rodolfo-suarez-biografia-historia\/\" target=\"_blank\">Rodolfo Suarez<\/a>, el director General de Escuelas, Jos\u00e9 Thomas, los ministros de Planificaci\u00f3n e Infraestructura P\u00fablica, Mario Isgr\u00f3, y de Econom\u00eda, Enrique Vaqui\u00e9, adem\u00e1s funcionarios y legisladores provinciales.<\/p>\n\n\n\n<p>Luego del recorrido, el actual senador nacional se\u00f1al\u00f3 que el proyecto de esta escuela se incorpor\u00f3 en 2019, pero qued\u00f3 trunco con la pandemia. &#8220;Ahora se hizo en un tiempo r\u00e9cord&#8221;, dijo, resaltando la inversi\u00f3n en escuelas especiales en s\u00f3lo un a\u00f1o: &#8220;Se han construido dos, una en Alvear y una en San Rafael&#8221;.<\/p>\n\n\n\n<p>ornejo, indic\u00f3 que este tipo de obras est\u00e1 &#8220;entre las propuestas que tenemos, no estamos en la campa\u00f1a sucia. Estamos mostrando un camino, propuestas, nuestros antecedentes, hacerlo con la mayor humildad posible, pero firmes&#8221;, a lo que agreg\u00f3 que &#8220;necesitamos, adem\u00e1s de construir algunas\u00a0<strong>escuelas<\/strong>, un plan agresivo de reparaci\u00f3n de\u00a0<strong>escuelas<\/strong>\u00a0y ese plan, tiene que ser con otro modelo de licitaciones&#8221;.<\/p>\n\n\n\n<p>Se\u00f1al\u00f3 que se trata de un &#8220;cambio de paradigma&#8221; en esa materia, &#8220;licitando horas de trabajo, licitando metros cuadrados de trabajo, por oasis, de manera tal de ir reparando constantemente las\u00a0<strong>escuelas<\/strong>\u00a0y no licitar escuela por escuela&#8221;.<\/p>\n\n\n\n<p>Se trata, sostuvo, de &#8220;construir r\u00e1pido pero tambi\u00e9n un plan agresivo de reparaci\u00f3n. La infraestructura escolar es b\u00e1sica para la educaci\u00f3n&#8221;, de all\u00ed la propuesta &#8220;en el futuro inmediato&#8221;, de una &#8220;reparaci\u00f3n masiva de\u00a0<strong>escuelas<\/strong>\u00a0a partir de una licitaci\u00f3n mucho menos engorrosa, mucho menos burocr\u00e1tica&#8221;.<\/p>\n\n\n\n<p>FUENTE: mendozapost.<\/p>\n","protected":false},"excerpt":{"rendered":"<p>El\u00a0candidato a la gobernaci\u00f3n\u00a0Alfredo Cornejo, y su compa\u00f1era de f\u00f3rmula, Hebe Casado, participaron de la inauguraci\u00f3n de la escuela especial Padre Jos\u00e9 Carrone, ubicada en Paraje Pobre Diablo, del departamento de San Rafael. La actividad estuvo encabezada por el gobernador\u00a0Rodolfo Suarez, el director General de Escuelas, Jos\u00e9 Thomas, los ministros de Planificaci\u00f3n e Infraestructura P\u00fablica, [&hellip;]<\/p>\n","protected":false},"author":2,"featured_media":1295,"comment_status":"open","ping_status":"open","sticky":true,"template":"","format":"standard","meta":[],"categories":[47],"tags":[],"_links":{"self":[{"href":"https:\/\/pasaenmendoza.com\/index.php?rest_route=\/wp\/v2\/posts\/1294"}],"collection":[{"href":"https:\/\/pasaenmendoza.com\/index.php?rest_route=\/wp\/v2\/posts"}],"about":[{"href":"https:\/\/pasaenmendoza.com\/index.php?rest_route=\/wp\/v2\/types\/post"}],"author":[{"embeddable":true,"href":"https:\/\/pasaenmendoza.com\/index.php?rest_route=\/wp\/v2\/users\/2"}],"replies":[{"embeddable":true,"href":"https:\/\/pasaenmendoza.com\/index.php?rest_route=%2Fwp%2Fv2%2Fcomments&post=1294"}],"version-history":[{"count":1,"href":"https:\/\/pasaenmendoza.com\/index.php?rest_route=\/wp\/v2\/posts\/1294\/revisions"}],"predecessor-version":[{"id":1296,"href":"https:\/\/pasaenmendoza.com\/index.php?rest_route=\/wp\/v2\/posts\/1294\/revisions\/1296"}],"wp:featuredmedia":[{"embeddable":true,"href":"https:\/\/pasaenmendoza.com\/index.php?rest_route=\/wp\/v2\/media\/1295"}],"wp:attachment":[{"href":"https:\/\/pasaenmendoza.com\/index.php?rest_route=%2Fwp%2Fv2%2Fmedia&parent=1294"}],"wp:term":[{"taxonomy":"category","embeddable":true,"href":"https:\/\/pasaenmendoza.com\/index.php?rest_route=%2Fwp%2Fv2%2Fcategories&post=1294"},{"taxonomy":"post_tag","embeddable":true,"href":"https:\/\/pasaenmendoza.com\/index.php?rest_route=%2Fwp%2Fv2%2Ftags&post=1294"}],"curies":[{"name":"wp","href":"https:\/\/api.w.org\/{rel}","templated":true}]}}