{"id":12940,"date":"2025-05-14T23:17:20","date_gmt":"2025-05-14T21:17:20","guid":{"rendered":"https:\/\/pasaenmendoza.com\/?p=12940"},"modified":"2025-05-14T23:17:21","modified_gmt":"2025-05-14T21:17:21","slug":"historico-habra-tercera-trocha-en-el-acceso-este-y-cruces-en-urquiza-avellaneda-azcuenaga-y-houssay-rosario","status":"publish","type":"post","link":"https:\/\/pasaenmendoza.com\/?p=12940","title":{"rendered":"Hist\u00f3rico: Habr\u00e1 tercera trocha en el Acceso Este y cruces en Urquiza, Avellaneda, Azcu\u00e9naga y Houssay\/Rosario"},"content":{"rendered":"\n<p>Un convenio firmado entre el gobernador Alfredo Cornejo firmo con la Secretar\u00eda de Transporte de la Naci\u00f3n un convenio que le permitir\u00e1 a Guaymall\u00e9n &#8220;hacer la obra m\u00e1s importante de los \u00faltimos 50 a\u00f1os en el departamento&#8221;, seg\u00fan cont\u00f3 el intendente Marcos Calvente.<\/p>\n\n\n\n<p>El Acceso Este es una gran v\u00eda de comunicaci\u00f3n, pero que a diario se convierte, adem\u00e1s, en un gran problema porque interrumpe la comunicaci\u00f3n Norte &#8211; Sur de Guaymall\u00e9n y los departamentos aleda\u00f1os, situaci\u00f3n que se ver\u00e1 ahora revertidla.<\/p>\n\n\n\n<p>Calvente viene insistiendo con la necesidad de invertir en un acceso r\u00e1pido a la Ciudad de Mendoza que permita, adem\u00e1s, interconectar a los dos costados de Guaymall\u00e9n que hoy se ven interrumpidos.<\/p>\n\n\n\n<p>La obra prevista incluye una tercera trocha en el Acceso Este y cruces en Urquiza, Avellaneda, Azcu\u00e9naga y Houssay\/Rosario.<\/p>\n\n\n\n<p>&#8220;Traer\u00e1 beneficios viales, a la econom\u00eda y a la calidad de vida de todos los vecinos&#8221;, dijo el intendente, visiblemente emocionado por lo conseguido.<\/p>\n\n\n\n<figure class=\"wp-block-image\"><img decoding=\"async\" src=\"https:\/\/www.memo.com.ar\/files\/image\/87\/87371\/6824f05395a11_715_1245!.png?s=32fdc036b806e2f4c7dd48511e6224a6&amp;d=1747251285\" alt=\"Hist\u00f3rico: Habr\u00e1 tercera trocha en el Acceso Este y cruces en Urquiza, Avellaneda, Azcu\u00e9naga y Houssay\/Rosario\"\/><\/figure>\n\n\n\n<p><strong>Fuente: www.memo.com.ar<\/strong><\/p>\n","protected":false},"excerpt":{"rendered":"<p>Un convenio firmado entre el gobernador Alfredo Cornejo firmo con la Secretar\u00eda de Transporte de la Naci\u00f3n un convenio que le permitir\u00e1 a Guaymall\u00e9n &#8220;hacer la obra m\u00e1s importante de los \u00faltimos 50 a\u00f1os en el departamento&#8221;, seg\u00fan cont\u00f3 el intendente Marcos Calvente. El Acceso Este es una gran v\u00eda de comunicaci\u00f3n, pero que a [&hellip;]<\/p>\n","protected":false},"author":2,"featured_media":12941,"comment_status":"open","ping_status":"open","sticky":false,"template":"","format":"standard","meta":[],"categories":[47],"tags":[],"_links":{"self":[{"href":"https:\/\/pasaenmendoza.com\/index.php?rest_route=\/wp\/v2\/posts\/12940"}],"collection":[{"href":"https:\/\/pasaenmendoza.com\/index.php?rest_route=\/wp\/v2\/posts"}],"about":[{"href":"https:\/\/pasaenmendoza.com\/index.php?rest_route=\/wp\/v2\/types\/post"}],"author":[{"embeddable":true,"href":"https:\/\/pasaenmendoza.com\/index.php?rest_route=\/wp\/v2\/users\/2"}],"replies":[{"embeddable":true,"href":"https:\/\/pasaenmendoza.com\/index.php?rest_route=%2Fwp%2Fv2%2Fcomments&post=12940"}],"version-history":[{"count":1,"href":"https:\/\/pasaenmendoza.com\/index.php?rest_route=\/wp\/v2\/posts\/12940\/revisions"}],"predecessor-version":[{"id":12942,"href":"https:\/\/pasaenmendoza.com\/index.php?rest_route=\/wp\/v2\/posts\/12940\/revisions\/12942"}],"wp:featuredmedia":[{"embeddable":true,"href":"https:\/\/pasaenmendoza.com\/index.php?rest_route=\/wp\/v2\/media\/12941"}],"wp:attachment":[{"href":"https:\/\/pasaenmendoza.com\/index.php?rest_route=%2Fwp%2Fv2%2Fmedia&parent=12940"}],"wp:term":[{"taxonomy":"category","embeddable":true,"href":"https:\/\/pasaenmendoza.com\/index.php?rest_route=%2Fwp%2Fv2%2Fcategories&post=12940"},{"taxonomy":"post_tag","embeddable":true,"href":"https:\/\/pasaenmendoza.com\/index.php?rest_route=%2Fwp%2Fv2%2Ftags&post=12940"}],"curies":[{"name":"wp","href":"https:\/\/api.w.org\/{rel}","templated":true}]}}