{"id":12943,"date":"2025-05-14T23:21:36","date_gmt":"2025-05-14T21:21:36","guid":{"rendered":"https:\/\/pasaenmendoza.com\/?p=12943"},"modified":"2025-05-14T23:21:37","modified_gmt":"2025-05-14T21:21:37","slug":"el-kirchnerismo-mendocino-reaviva-un-partido-para-competir-por-fuera-del-pj","status":"publish","type":"post","link":"https:\/\/pasaenmendoza.com\/?p=12943","title":{"rendered":"El kirchnerismo mendocino reaviva un partido para competir por fuera del PJ"},"content":{"rendered":"\n<p>La agrupaci\u00f3n La C\u00e1mpora comenz\u00f3 a trazar el camino para competir en las pr\u00f3ximas elecciones mendocinas al margen del Partido Justicialista. Esta semana se confirm\u00f3 que iniciaron los pasos legales para recuperar la personer\u00eda jur\u00eddico-pol\u00edtica del partido&nbsp;<strong>Unidad Popular<\/strong>, vinculado al hist\u00f3rico dirigente peronista&nbsp;<strong>Guillermo Amstutz.<\/strong><\/p>\n\n\n\n<p>La gesti\u00f3n del expediente est\u00e1 a cargo de la exsenadora provincial&nbsp;<strong>Cecilia Juri,<\/strong>&nbsp;quien figura como presidenta de la Junta Promotora. As\u00ed lo inform\u00f3 el Bolet\u00edn Oficial del mi\u00e9rcoles, en base a la resoluci\u00f3n del Juzgado Federal N\u00ba 1 con competencia electoral, encabezado por el juez subrogante&nbsp;<strong>Pablo Quir\u00f3s<\/strong>. El expediente -identificado como CNE 16115\/2024- consigna que el tr\u00e1mite se inici\u00f3 el 4 de abril de 2025, en virtud del art\u00edculo 14 de la Ley 23.298 de Partidos Pol\u00edticos.<\/p>\n\n\n\n<p>El acta de la asamblea fundacional, celebrada el 10 de marzo, detalla que se estableci\u00f3 el domicilio partidario en calle 25 de mayo 1387 de la ciudad de Mendoza. Adem\u00e1s de Juri, la Junta Promotora est\u00e1 integrada por<strong>&nbsp;Romina Flores Cerezo como secretaria, y los vocales Rodrigo Savino, Cynthia Grimalt y Franco Castro.<\/strong><\/p>\n\n\n\n<p>Juri, dirigente de confianza de&nbsp;<strong>Anabel Fern\u00e1ndez Sagasti<\/strong>, dej\u00f3 su banca en la Legislatura en 2023. Su presencia en el armado refuerza las versiones que circulan desde el fin de semana, seg\u00fan las cuales la actual senadora nacional podr\u00eda postularse como diputada por fuera de la estructura oficial del PJ provincial.<\/p>\n\n\n\n<p>La agrupaci\u00f3n\u00a0<strong>Unidad Popular<\/strong>\u00a0tiene como referente formal a\u00a0<strong>Guillermo Amstutz,<\/strong>\u00a0quien fue intendente de Las Heras en los 90, legislador, diputado nacional y titular de Vialidad Nacional en Mendoza durante el gobierno de Alberto Fern\u00e1ndez. Aunque se alej\u00f3 de la competencia electoral, Amstutz conserva v\u00ednculos activos en el entramado pol\u00edtico local. Su sello partidario -de alcance nacional con jurisdicci\u00f3n mendocina- aparece ahora como la herramienta legal que el kirchnerismo utilizar\u00eda para eludir una interna con los intendentes peronistas.<\/p>\n\n\n\n<p><strong>Fuente: www.memo.com.ar<\/strong><\/p>\n","protected":false},"excerpt":{"rendered":"<p>La agrupaci\u00f3n La C\u00e1mpora comenz\u00f3 a trazar el camino para competir en las pr\u00f3ximas elecciones mendocinas al margen del Partido Justicialista. Esta semana se confirm\u00f3 que iniciaron los pasos legales para recuperar la personer\u00eda jur\u00eddico-pol\u00edtica del partido&nbsp;Unidad Popular, vinculado al hist\u00f3rico dirigente peronista&nbsp;Guillermo Amstutz. La gesti\u00f3n del expediente est\u00e1 a cargo de la exsenadora provincial&nbsp;Cecilia [&hellip;]<\/p>\n","protected":false},"author":2,"featured_media":12944,"comment_status":"open","ping_status":"open","sticky":false,"template":"","format":"standard","meta":[],"categories":[47],"tags":[],"_links":{"self":[{"href":"https:\/\/pasaenmendoza.com\/index.php?rest_route=\/wp\/v2\/posts\/12943"}],"collection":[{"href":"https:\/\/pasaenmendoza.com\/index.php?rest_route=\/wp\/v2\/posts"}],"about":[{"href":"https:\/\/pasaenmendoza.com\/index.php?rest_route=\/wp\/v2\/types\/post"}],"author":[{"embeddable":true,"href":"https:\/\/pasaenmendoza.com\/index.php?rest_route=\/wp\/v2\/users\/2"}],"replies":[{"embeddable":true,"href":"https:\/\/pasaenmendoza.com\/index.php?rest_route=%2Fwp%2Fv2%2Fcomments&post=12943"}],"version-history":[{"count":1,"href":"https:\/\/pasaenmendoza.com\/index.php?rest_route=\/wp\/v2\/posts\/12943\/revisions"}],"predecessor-version":[{"id":12945,"href":"https:\/\/pasaenmendoza.com\/index.php?rest_route=\/wp\/v2\/posts\/12943\/revisions\/12945"}],"wp:featuredmedia":[{"embeddable":true,"href":"https:\/\/pasaenmendoza.com\/index.php?rest_route=\/wp\/v2\/media\/12944"}],"wp:attachment":[{"href":"https:\/\/pasaenmendoza.com\/index.php?rest_route=%2Fwp%2Fv2%2Fmedia&parent=12943"}],"wp:term":[{"taxonomy":"category","embeddable":true,"href":"https:\/\/pasaenmendoza.com\/index.php?rest_route=%2Fwp%2Fv2%2Fcategories&post=12943"},{"taxonomy":"post_tag","embeddable":true,"href":"https:\/\/pasaenmendoza.com\/index.php?rest_route=%2Fwp%2Fv2%2Ftags&post=12943"}],"curies":[{"name":"wp","href":"https:\/\/api.w.org\/{rel}","templated":true}]}}