{"id":12952,"date":"2025-05-15T15:41:49","date_gmt":"2025-05-15T13:41:49","guid":{"rendered":"https:\/\/pasaenmendoza.com\/?p=12952"},"modified":"2025-05-15T15:41:50","modified_gmt":"2025-05-15T13:41:50","slug":"choque-en-costanera-un-auto-termino-sobre-la-vereda-del-zanjon","status":"publish","type":"post","link":"https:\/\/pasaenmendoza.com\/?p=12952","title":{"rendered":"Choque en Costanera: un auto termin\u00f3 sobre la vereda del zanj\u00f3n"},"content":{"rendered":"\n<p>Un choque se registr\u00f3 la ma\u00f1ana de este jueves en la intersecci\u00f3n de Costanera y Ram\u00edrez, mano al sur, en el l\u00edmite entre Ciudad y Guaymall\u00e9n.<\/p>\n\n\n\n<p>El hecho se produjo a las 8 y estuvo protagonizado por un Volkswagen Bora y un Renault Kwid. Seg\u00fan testigos, los sem\u00e1foros no estaban funcionando ni del lado de Guaymall\u00e9n ni en esa esquina, lo que habr\u00eda contribuido al siniestro.<\/p>\n\n\n\n<p>A pesar del impacto, no se registraron heridos. Uno de los veh\u00edculos termin\u00f3 sobre la vereda, junto al zanj\u00f3n Cacique Guaymall\u00e9n.<\/p>\n\n\n\n<p><strong>Fuente: www.elsol.com.ar<\/strong><\/p>\n","protected":false},"excerpt":{"rendered":"<p>Un choque se registr\u00f3 la ma\u00f1ana de este jueves en la intersecci\u00f3n de Costanera y Ram\u00edrez, mano al sur, en el l\u00edmite entre Ciudad y Guaymall\u00e9n. El hecho se produjo a las 8 y estuvo protagonizado por un Volkswagen Bora y un Renault Kwid. Seg\u00fan testigos, los sem\u00e1foros no estaban funcionando ni del lado de [&hellip;]<\/p>\n","protected":false},"author":2,"featured_media":12953,"comment_status":"open","ping_status":"open","sticky":false,"template":"","format":"standard","meta":[],"categories":[48],"tags":[],"_links":{"self":[{"href":"https:\/\/pasaenmendoza.com\/index.php?rest_route=\/wp\/v2\/posts\/12952"}],"collection":[{"href":"https:\/\/pasaenmendoza.com\/index.php?rest_route=\/wp\/v2\/posts"}],"about":[{"href":"https:\/\/pasaenmendoza.com\/index.php?rest_route=\/wp\/v2\/types\/post"}],"author":[{"embeddable":true,"href":"https:\/\/pasaenmendoza.com\/index.php?rest_route=\/wp\/v2\/users\/2"}],"replies":[{"embeddable":true,"href":"https:\/\/pasaenmendoza.com\/index.php?rest_route=%2Fwp%2Fv2%2Fcomments&post=12952"}],"version-history":[{"count":1,"href":"https:\/\/pasaenmendoza.com\/index.php?rest_route=\/wp\/v2\/posts\/12952\/revisions"}],"predecessor-version":[{"id":12954,"href":"https:\/\/pasaenmendoza.com\/index.php?rest_route=\/wp\/v2\/posts\/12952\/revisions\/12954"}],"wp:featuredmedia":[{"embeddable":true,"href":"https:\/\/pasaenmendoza.com\/index.php?rest_route=\/wp\/v2\/media\/12953"}],"wp:attachment":[{"href":"https:\/\/pasaenmendoza.com\/index.php?rest_route=%2Fwp%2Fv2%2Fmedia&parent=12952"}],"wp:term":[{"taxonomy":"category","embeddable":true,"href":"https:\/\/pasaenmendoza.com\/index.php?rest_route=%2Fwp%2Fv2%2Fcategories&post=12952"},{"taxonomy":"post_tag","embeddable":true,"href":"https:\/\/pasaenmendoza.com\/index.php?rest_route=%2Fwp%2Fv2%2Ftags&post=12952"}],"curies":[{"name":"wp","href":"https:\/\/api.w.org\/{rel}","templated":true}]}}