{"id":12955,"date":"2025-05-15T16:40:18","date_gmt":"2025-05-15T14:40:18","guid":{"rendered":"https:\/\/pasaenmendoza.com\/?p=12955"},"modified":"2025-05-15T16:40:19","modified_gmt":"2025-05-15T14:40:19","slug":"aprehendieron-al-celador-acusado-de-abusar-de-un-nino-en-una-escuela-de-guaymallen","status":"publish","type":"post","link":"https:\/\/pasaenmendoza.com\/?p=12955","title":{"rendered":"Aprehendieron al celador acusado de abusar de un ni\u00f1o en una escuela de Guaymall\u00e9n"},"content":{"rendered":"\n<p>El celador acusado de haber abusado sexualmente de un ni\u00f1o de seis a\u00f1os en una escuela de&nbsp;<strong>Guaymall\u00e9n&nbsp;<\/strong>qued\u00f3 aprehendido despu\u00e9s de las 20 por orden de la fiscal de Delitos contra la Integridad Sexual,&nbsp;<strong>Mar\u00eda de las Mercedes Moya<\/strong>. De acuerdo con fuentes del caso, una celadora tambi\u00e9n fue llevada ante las autoridades luego de las denuncias de algunos padres.<\/p>\n\n\n\n<p>La medida fue dispuesta tras la denuncia radicada por la madre del peque\u00f1o, quien relat\u00f3 que su hijo fue v\u00edctima de una agresi\u00f3n dentro del establecimiento\u00a0<strong>Jos\u00e9 Cartellone<\/strong>, ubicado en calle Avellaneda, en El Bermejo. La criatura fue trasladada al Hospital Notti para recibir atenci\u00f3n m\u00e9dica luego de ser revisado por su progenitora.<\/p>\n\n\n\n<p>Personal policial de la jurisdicci\u00f3n se llev\u00f3 al sospechoso desde el colegio y le notific\u00f3 que deb\u00eda responder por el hecho que se le imputa. Luego fue trasladado y qued\u00f3 a disposici\u00f3n del Ministerio P\u00fablico Fiscal.<\/p>\n\n\n\n<p>De acuerdo con fuentes judiciales, la fiscal Moya analizar\u00e1 este jueves si imputaba formalmente al celador, mientras se encontraba a la espera de nuevos informes sobre el presunto abuso.<\/p>\n\n\n\n<p>El caso revelado por&nbsp;<em><strong>El Sol&nbsp;<\/strong><\/em>sali\u00f3 a la luz cuando el ni\u00f1o, alumno de primer grado, cont\u00f3 lo ocurrido al regresar a su casa. Seg\u00fan trascendi\u00f3, no tuvo clases porque su maestra no asisti\u00f3, por lo que fue llevado a la Direcci\u00f3n. Al llegar al hogar, el peque\u00f1o rompi\u00f3 en llanto y cont\u00f3 una situaci\u00f3n traum\u00e1tica que habr\u00eda vivido dentro de la escuela.<\/p>\n\n\n\n<p>Los familiares se dirigieron al colegio para pedir explicaciones y protagonizaron una protesta en la puerta del establecimiento. Cortaron la calle Avellaneda, prendieron fuego unos arbustos y denunciaron p\u00fablicamente que el presunto agresor ser\u00eda un celador.<\/p>\n\n\n\n<p>Tambi\u00e9n participaron vecinos y padres de otros estudiantes, quienes protagonizaron algunos cruces con personal policial. Tanta fue la tensi\u00f3n que se vivi\u00f3 en el lugar que un polic\u00eda que participaba el operativo result\u00f3 herido al recibir un piedrazo.<\/p>\n\n\n\n<p><strong>Fuente: www.elsol.com.ar<\/strong><\/p>\n","protected":false},"excerpt":{"rendered":"<p>El celador acusado de haber abusado sexualmente de un ni\u00f1o de seis a\u00f1os en una escuela de&nbsp;Guaymall\u00e9n&nbsp;qued\u00f3 aprehendido despu\u00e9s de las 20 por orden de la fiscal de Delitos contra la Integridad Sexual,&nbsp;Mar\u00eda de las Mercedes Moya. De acuerdo con fuentes del caso, una celadora tambi\u00e9n fue llevada ante las autoridades luego de las denuncias [&hellip;]<\/p>\n","protected":false},"author":2,"featured_media":12956,"comment_status":"open","ping_status":"open","sticky":false,"template":"","format":"standard","meta":[],"categories":[48],"tags":[],"_links":{"self":[{"href":"https:\/\/pasaenmendoza.com\/index.php?rest_route=\/wp\/v2\/posts\/12955"}],"collection":[{"href":"https:\/\/pasaenmendoza.com\/index.php?rest_route=\/wp\/v2\/posts"}],"about":[{"href":"https:\/\/pasaenmendoza.com\/index.php?rest_route=\/wp\/v2\/types\/post"}],"author":[{"embeddable":true,"href":"https:\/\/pasaenmendoza.com\/index.php?rest_route=\/wp\/v2\/users\/2"}],"replies":[{"embeddable":true,"href":"https:\/\/pasaenmendoza.com\/index.php?rest_route=%2Fwp%2Fv2%2Fcomments&post=12955"}],"version-history":[{"count":1,"href":"https:\/\/pasaenmendoza.com\/index.php?rest_route=\/wp\/v2\/posts\/12955\/revisions"}],"predecessor-version":[{"id":12957,"href":"https:\/\/pasaenmendoza.com\/index.php?rest_route=\/wp\/v2\/posts\/12955\/revisions\/12957"}],"wp:featuredmedia":[{"embeddable":true,"href":"https:\/\/pasaenmendoza.com\/index.php?rest_route=\/wp\/v2\/media\/12956"}],"wp:attachment":[{"href":"https:\/\/pasaenmendoza.com\/index.php?rest_route=%2Fwp%2Fv2%2Fmedia&parent=12955"}],"wp:term":[{"taxonomy":"category","embeddable":true,"href":"https:\/\/pasaenmendoza.com\/index.php?rest_route=%2Fwp%2Fv2%2Fcategories&post=12955"},{"taxonomy":"post_tag","embeddable":true,"href":"https:\/\/pasaenmendoza.com\/index.php?rest_route=%2Fwp%2Fv2%2Ftags&post=12955"}],"curies":[{"name":"wp","href":"https:\/\/api.w.org\/{rel}","templated":true}]}}