{"id":12961,"date":"2025-05-16T00:43:34","date_gmt":"2025-05-15T22:43:34","guid":{"rendered":"https:\/\/pasaenmendoza.com\/?p=12961"},"modified":"2025-05-16T00:43:35","modified_gmt":"2025-05-15T22:43:35","slug":"la-uncuyo-y-una-universidad-de-australia-acordaron-un-intercambio-relacionado-con-la-mineria","status":"publish","type":"post","link":"https:\/\/pasaenmendoza.com\/?p=12961","title":{"rendered":"La UNCuyo y una universidad de Australia acordaron un intercambio relacionado con la miner\u00eda"},"content":{"rendered":"\n<p>El gobierno de Mendoza y una universidad de Australia firmaron un documento este jueves para establecer un esquema de trabajo y cooperaci\u00f3n acad\u00e9mica, cient\u00edfica y cultural en\u00a0formaci\u00f3n e innovaci\u00f3n en\u00a0<strong>miner\u00eda<\/strong>.\u00a0El acuerdo involucra a la\u00a0<strong>UNCuyo\u00a0<\/strong>y a la Escuela de Minas de Curtin University.<\/p>\n\n\n\n<p>Esta alianza estrat\u00e9gica fue rubricada por el gobernador&nbsp;<strong>Alfredo Cornejo y Mark Buntine,&nbsp;<\/strong>decano de la Facultad de Ingenier\u00eda australiana.<\/p>\n\n\n\n<p>La Curtin University de Australia es considerada una de las casas de altos estudios m\u00e1s importantes el mundo en materia de miner\u00eda. Por ello se estableci\u00f3 un memor\u00e1ndum de entendimiento, orientado al desarrollo de programas conjuntos en el \u00e1mbito acad\u00e9mico y cient\u00edfico, con el foco en el sector minero.<\/p>\n\n\n\n<h2 class=\"wp-block-heading\">Vicerrector de la UNCuyo: &#8220;Queremos aprender de la experiencia universitaria&#8221;<\/h2>\n\n\n\n<p>El vicerrector de la UNCuyo,\u00a0<strong>Gabriel Fidel\u00a0<\/strong>destac\u00f3: \u201cVamos a comenzar a delinear el trabajo de intercambio y los programas educativos y de investigaci\u00f3n que vamos a desarrollar junto con Curtin University\u201d.<\/p>\n\n\n\n<p>\u201cQueremos aprender de la experiencia de Curtin University, una instituci\u00f3n fundada en 1902, con una vast\u00edsima trayectoria, que esperamos poder capitalizar en beneficio de nuestra comunidad universitaria\u201d, agreg\u00f3.<\/p>\n\n\n\n<p>Fidel record\u00f3: \u201cNuestra universidad tiene una larga tradici\u00f3n en la formaci\u00f3n en energ\u00eda y en el impulso de distintos sectores de la econom\u00eda. A partir de esa historia y ese presente, queremos seguir contribuyendo al desarrollo productivo de Cuyo con una mirada innovadora y global\u201d.<\/p>\n\n\n\n<p>El gobernador&nbsp;<strong>Cornejo&nbsp;<\/strong>explic\u00f3 por su parte: \u201cLa estrategia del Ejecutivo es bucar legitimidad a trav\u00e9s de buenas pr\u00e1cticas internacionales, tomando como referencia pa\u00edses como Australia y Canad\u00e1, reconocidos por sus modelos de desarrollo responsable y sostenible.<\/p>\n\n\n\n<p><strong>En este proceso tambi\u00e9n es clave el involucramiento del sector privado. Nos interesa que las empresas participen, porque garantizar esa participaci\u00f3n es fundamental para consolidar un modelo que funcione y genere confianza. Queremos capitalizar este momento, poner en marcha la actividad y que ese movimiento genere beneficios concretos para los mendocinos<\/strong><\/p>\n\n\n\n<p>Tambi\u00e9n se expres\u00f3 la vicegobernadora: &#8220;Impulsamos m\u00e1s oportunidades de formaci\u00f3n e investigaci\u00f3n para Mendoza. Acompa\u00f1amos la firma de un memor\u00e1ndum de entendimiento entre la UNCuyo y la Curtin University de Australia, una de las instituciones m\u00e1s reconocidas del mundo en geociencias e ingenier\u00eda minera&#8221;.<\/p>\n\n\n\n<h2 class=\"wp-block-heading\">La universidad australiana<\/h2>\n\n\n\n<p><strong>Mark Buntine, decano de Ciencias y director de la Western Australian School of Mines de Curtin University,&nbsp;<\/strong>cont\u00f3: \u201cLa Western Australian School of Mines, parte de Curtin University, es una de las m\u00e1s importantes del mundo en el campo de la miner\u00eda. Fue fundada en 1902 y est\u00e1 cerca de celebrar sus 125 a\u00f1os de historia&#8221;.<\/p>\n\n\n\n<p>El acad\u00e9mico australiano -inform\u00f3 la\u00a0p\u00e1gina oficial del Gobierno- subray\u00f3 la vocaci\u00f3n internacional de la universidad y dijo que cuentan con una larga historia de alianzas globales y de ense\u00f1anza en carreras vinculadas a la miner\u00eda, con un enfoque que va m\u00e1s all\u00e1 de lo t\u00e9cnico y financiero. \u201cBuscamos formar profesionales con una mirada global\u201d, afirm\u00f3.<\/p>\n\n\n\n<p>Explic\u00f3 que \u201cpara mantener nuestra reputaci\u00f3n internacional, nos guiamos por los m\u00e1s altos est\u00e1ndares de ense\u00f1anza, y eso es parte esencial de nuestro capital institucional\u201d.<\/p>\n\n\n\n<h2 class=\"wp-block-heading\"><strong>Detalles del convenio<\/strong><\/h2>\n\n\n\n<ul>\n<li>&nbsp;El acuerdo, de car\u00e1cter no vinculante, establece las bases para explorar oportunidades de colaboraci\u00f3n en \u00e1reas como la investigaci\u00f3n conjunta, la formaci\u00f3n acad\u00e9mica, la capacitaci\u00f3n profesional continua y la realizaci\u00f3n de proyectos culturales de inter\u00e9s mutuo.<\/li>\n\n\n\n<li>Entre los principales objetivos se incluyen compartir informaci\u00f3n para mejorar el conocimiento rec\u00edproco de las capacidades acad\u00e9micas y cient\u00edficas; establecer relaciones de trabajo orientadas a las necesidades e intereses espec\u00edficos de cada parte; promover programas acad\u00e9micos y de investigaci\u00f3n colaborativos e impulsar proyectos financiados a escala internacional.<\/li>\n\n\n\n<li>Cada iniciativa derivada del entendimiento ser\u00e1 objeto de un acuerdo espec\u00edfico que establecer\u00e1 las condiciones y responsabilidades de cada instituci\u00f3n en t\u00e9rminos de financiamiento, propiedad intelectual y asignaci\u00f3n de riesgos.<\/li>\n\n\n\n<li>Tendr\u00e1 una duraci\u00f3n de cinco a\u00f1os desde su firma, con posibilidad de pr\u00f3rroga mediante acuerdo mutuo. Tambi\u00e9n contempla disposiciones sobre confidencialidad, uso del nombre e imagen institucional y cumplimiento de normativas internacionales.<\/li>\n<\/ul>\n\n\n\n<p><strong>Fuente: www.diariouno.com.ar<\/strong><\/p>\n","protected":false},"excerpt":{"rendered":"<p>El gobierno de Mendoza y una universidad de Australia firmaron un documento este jueves para establecer un esquema de trabajo y cooperaci\u00f3n acad\u00e9mica, cient\u00edfica y cultural en\u00a0formaci\u00f3n e innovaci\u00f3n en\u00a0miner\u00eda.\u00a0El acuerdo involucra a la\u00a0UNCuyo\u00a0y a la Escuela de Minas de Curtin University. Esta alianza estrat\u00e9gica fue rubricada por el gobernador&nbsp;Alfredo Cornejo y Mark Buntine,&nbsp;decano de [&hellip;]<\/p>\n","protected":false},"author":2,"featured_media":12962,"comment_status":"open","ping_status":"open","sticky":false,"template":"","format":"standard","meta":[],"categories":[56],"tags":[],"_links":{"self":[{"href":"https:\/\/pasaenmendoza.com\/index.php?rest_route=\/wp\/v2\/posts\/12961"}],"collection":[{"href":"https:\/\/pasaenmendoza.com\/index.php?rest_route=\/wp\/v2\/posts"}],"about":[{"href":"https:\/\/pasaenmendoza.com\/index.php?rest_route=\/wp\/v2\/types\/post"}],"author":[{"embeddable":true,"href":"https:\/\/pasaenmendoza.com\/index.php?rest_route=\/wp\/v2\/users\/2"}],"replies":[{"embeddable":true,"href":"https:\/\/pasaenmendoza.com\/index.php?rest_route=%2Fwp%2Fv2%2Fcomments&post=12961"}],"version-history":[{"count":1,"href":"https:\/\/pasaenmendoza.com\/index.php?rest_route=\/wp\/v2\/posts\/12961\/revisions"}],"predecessor-version":[{"id":12963,"href":"https:\/\/pasaenmendoza.com\/index.php?rest_route=\/wp\/v2\/posts\/12961\/revisions\/12963"}],"wp:featuredmedia":[{"embeddable":true,"href":"https:\/\/pasaenmendoza.com\/index.php?rest_route=\/wp\/v2\/media\/12962"}],"wp:attachment":[{"href":"https:\/\/pasaenmendoza.com\/index.php?rest_route=%2Fwp%2Fv2%2Fmedia&parent=12961"}],"wp:term":[{"taxonomy":"category","embeddable":true,"href":"https:\/\/pasaenmendoza.com\/index.php?rest_route=%2Fwp%2Fv2%2Fcategories&post=12961"},{"taxonomy":"post_tag","embeddable":true,"href":"https:\/\/pasaenmendoza.com\/index.php?rest_route=%2Fwp%2Fv2%2Ftags&post=12961"}],"curies":[{"name":"wp","href":"https:\/\/api.w.org\/{rel}","templated":true}]}}