{"id":1297,"date":"2023-09-08T14:03:40","date_gmt":"2023-09-08T12:03:40","guid":{"rendered":"https:\/\/pasaenmendoza.com\/?p=1297"},"modified":"2023-09-08T14:03:41","modified_gmt":"2023-09-08T12:03:41","slug":"suarez-anuncio-que-el-baqueano-comienza-a-ser-una-realidad","status":"publish","type":"post","link":"https:\/\/pasaenmendoza.com\/?p=1297","title":{"rendered":"Suarez anunci\u00f3 que &#8220;El Baqueano comienza a ser una realidad&#8221;"},"content":{"rendered":"\n<p>El gobernador\u00a0Rodolfo Suarez\u00a0y el ministro de Econom\u00eda y Energ\u00eda\u00a0<strong>Enrique Vaqui\u00e9<\/strong>\u00a0participaron de la convocatoria p\u00fablica consultiva on line para conocer los detalles t\u00e9cnicos del aprovechamiento multiprop\u00f3sito<strong>\u00a0El Baqueano<\/strong>, en\u00a0San Rafael.<\/p>\n\n\n\n<p>Sobre el proyecto, el mandatario sostuvo que &#8220;es una empresa que va a tener una inversi\u00f3n de m\u00e1s de\u00a0<strong>500 millones de d\u00f3lares\u00a0<\/strong>con la particularidad de que tambi\u00e9n puedan venir privados a realizarlo y despu\u00e9s cobrar la tarifa y el repago de la obra porque es lo que hemos conseguido con el gobierno de la Naci\u00f3n. Pero esto va a significar turismo, trabajo para las conductoras, para la metalmec\u00e1nica&#8221;.<\/p>\n\n\n\n<p>Adem\u00e1s, Suarez se\u00f1al\u00f3 que &#8220;este proceso que comenzamos ahora tiene que ver con toda la documentaci\u00f3n que tenemos y que hemos trabajado durante los \u00faltimos a\u00f1os, es que est\u00e1 a disposici\u00f3n de todos los interesados para que tengan oportunidad de expresarse. El proceso licitatorio ya comenz\u00f3. Comenz\u00f3 con la ley, y con la declaraci\u00f3n de\u00a0<strong>impacto ambiental<\/strong>, con la<strong>\u00a0audiencia p\u00fablica\u00a0<\/strong>que se hizo ac\u00e1 en el Sur. As\u00ed que El Baqueano comienza a ser una realidad&#8221;.<\/p>\n\n\n\n<p>&#8220;Invitamos a todas las empresas a que consulten. Esta<strong>&nbsp;va a ser una licitaci\u00f3n muy grande<\/strong>. Tambi\u00e9n esperamos encontrarnos con privados que quieran venir a invertir porque es un buen negocio con la tarifa que hemos conseguido&#8221;, puntualiz\u00f3 Suarez.<\/p>\n\n\n\n<p>&#8220;Es una obra que est\u00e1 entre otros diques. Entonces al tener un dique aguas abajo no deber\u00eda tener problemas. Estamos muy confiados en la Justicia, si lleg\u00e1ramos a tener alguna instancia judicial, alterar el curso del r\u00edo porque hay un dique abajo. No vamos a tener ning\u00fan tipo de problema&#8221;.<\/p>\n\n\n\n<p>El gobernador anticip\u00f3 que la pr\u00f3xima semana se firmar\u00e1 el convenio con el socio que se suma al proyecto. De esta manera, Suarez detall\u00f3 que &#8220;el socio es una empresa nacional de capitales nacionales de una minera de much\u00edsimos a\u00f1os en la Argentina y la otra es una empresa brasilera&#8221;.<\/p>\n\n\n\n<p>En este sentido, Suarez se\u00f1al\u00f3 que &#8220;de las distintas ofertas que ten\u00edamos hubo ofertas de empresas argentinas, canadienses, pero los brasileros son realmente los que necesitan el potasio. Tanto\u00a0<strong>China como Brasil<\/strong>\u00a0son los pa\u00edses que m\u00e1s potasio necesitan porque el potasio es un fertilizante que lo necesitan para la tierra y para generar alimentos&#8221;.<\/p>\n\n\n\n<p>&#8220;Brasil est\u00e1 muy interesado a tal punto que<strong>&nbsp;el martes que viene<\/strong>&nbsp;llegan a Mendoza tres secretarios de Estado de Brasil de miner\u00eda, de agricultura y de industria. Firmamos el convenio en Casa de Gobierno y luego viajan a la mina. El porcentaje que esta empresa deja a la provincia ronda el 12%, m\u00e1s las regal\u00edas que tiene que pagar e inmediatamente comienza la inversi\u00f3n. En enero tiene que haber gente trabajando en la mina&#8221;.<\/p>\n\n\n\n<p>&#8220;Esto sirve tambi\u00e9n para potenciar todo lo que es Patamora, que tambi\u00e9n ya se aprob\u00f3 la ley en la Legislatura. Se est\u00e1n haciendo las dos perforaciones de YPF en nuestra Vaca Muerta, que tambi\u00e9n vamos a tener los resultados. Antes de fin de a\u00f1o vamos a ver qu\u00e9 petr\u00f3leo y qu\u00e9 cantidad de petr\u00f3leo tenemos en nuestra Vaca Muerta. En Hierro Indio ya se terminaron todos los estudios de exploraci\u00f3n y tenemos que pasar a la etapa de explotaci\u00f3n. Adem\u00e1s, en Cerro Amarillo comienza dentro de poco la exploraci\u00f3n con las mismas maquinarias log\u00edsticas que ten\u00eda Hierro Indio&#8221;.<\/p>\n\n\n\n<p>&#8220;Estamos haciendo cambios important\u00edsimos en la ampliaci\u00f3n de la matriz productiva de Mendoza y lo estamos haciendo desde ac\u00e1, desde el Sur. Siempre he dicho que el Sur es el que tiene que potenciar a toda la provincia de Mendoza&#8221;.<\/p>\n\n\n\n<p>Vaqui\u00e9, por su parte, se\u00f1al\u00f3 que &#8220;est\u00e1n las bases para que Mendoza crezca fuertemente, y si la macroeconom\u00eda no acompa\u00f1a, porque estamos acostumbrados a que la macroeconom\u00eda no acompa\u00f1e, igual se puede hacer que la provincia crezca&#8221;.<\/p>\n\n\n\n<p><strong>Qu\u00e9 es la convocatoria p\u00fablica consultiva<\/strong><\/p>\n\n\n\n<p>El Gobierno de Mendoza lanz\u00f3 la convocatoria p\u00fablica consultiva&nbsp;<em>on line<\/em>&nbsp;para conocer los detalles t\u00e9cnicos del aprovechamiento multiprop\u00f3sito El Baqueano, en San Rafael, en un mecanismo que sigue los criterios de transparencia e integridad en las contrataciones, de conformidad con la normativa Nacional y Provincial.<\/p>\n\n\n\n<p>Pondr\u00e1 a disposici\u00f3n de los interesados en participar en la futura licitaci\u00f3n todos<strong>\u00a0los detalles t\u00e9cnicos de la obra<\/strong>. Esta modalidad garantiza transparencia y celeridad en el proceso licitatorio. C\u00f3mo se podr\u00e1n ver los documentos.<\/p>\n\n\n\n<p>Lo har\u00e1 a trav\u00e9s de la&nbsp;<strong>Empresa Mendocina de Energ\u00eda (EMESA)<\/strong>, encargada de todas las etapas de planificaci\u00f3n de una obra hidroel\u00e9ctrica que es la m\u00e1s importante de las \u00faltimas dos d\u00e9cadas; y que que aumentar\u00e1 la capacidad de embalse de agua, aportar\u00e1 energ\u00eda limpia y sustentable al Sistema Argentino de Interconexi\u00f3n y crear\u00e1 un polo tur\u00edstico en el Sur mendocino.<\/p>\n\n\n\n<p>Esta modalidad consultiva, previa a la licitaci\u00f3n, se realiza luego de un ordenado proceso que incluy\u00f3 la aprobaci\u00f3n de la Legislatura, la Audiencia P\u00fablica realizada de forma presencial en San Rafael y on line el 17 de julio de este a\u00f1o, y la aprobaci\u00f3n de la Declaraci\u00f3n de Impacto Ambiental.<\/p>\n\n\n\n<p>La instancia que se abre en esta etapa tiene dos ventajas: por un lado, ofrece transparencia en el proceso, ya que las potenciales interesadas en presentarse en la licitaci\u00f3n tendr\u00e1n la oportunidad de consultar y estudiar todos los detalles t\u00e9cnicos que requiere la hidroel\u00e9ctrica, \u00faltimo eslab\u00f3n del circuito planificado para toda la cuenca del Diamante.<\/p>\n\n\n\n<p>La segunda ventaja es que se agilizar\u00e1 el proceso licitatorio: los interesados tendr\u00e1n un plazo de 60 d\u00edas para interiorizarse en los detalles de una obra que incluye, entre otras cosas, una presa de Hormig\u00f3n Compactado a Rodillo (HCR) de 68 metros de altura con su correspondiente embalse, una obra de desv\u00edo del r\u00edo que se utilizar\u00e1 durante los trabajos, obra de toma, t\u00fanel de aducci\u00f3n de 13.8km, chimenea de equilibrio, tuber\u00eda forzada y casa de m\u00e1quinas.<\/p>\n\n\n\n<p>Todos los interesados, adem\u00e1s, obtendr\u00e1n la documentaci\u00f3n v\u00eda digital, a la que podr\u00e1n acceder a trav\u00e9s de un correo electr\u00f3nico y de la p\u00e1gina web de El Baqueano. Son 3500 p\u00e1ginas de rigurosos c\u00e1lculos y planificaciones llevadas a cabo durante m\u00e1s de cinco a\u00f1os por expertos de EMESA, renombradas consultoras e instituciones educativas. De esta forma Mendoza sigue no s\u00f3lo los procesos anti-corrupci\u00f3n estatales, sino que se apega a una medida de buenas pr\u00e1cticas administrativas.<\/p>\n\n\n\n<p>C\u00f3mo es la obra<\/p>\n\n\n\n<p>Los interesados acceder\u00e1n a los c\u00e1lculos y planos realizados durante m\u00e1s de cinco a\u00f1os por expertos de EMESA, expertos de instituciones educativas y consultoras de larga trayectoria en la materia.<\/p>\n\n\n\n<p>El Baqueano es un viejo anhelo de Mendoza: proyectada a finales de la d\u00e9cada del 70, estaba proyectado como una presa de materiales sueltos, con cara de hormig\u00f3n aguas arriba, como Potrerillos, en la confluencia entre el arroyo Agua de la Mora y el r\u00edo Diamante.<\/p>\n\n\n\n<p>Los nuevos estudios geol\u00f3gicos determinaron que aguas arriba del sitio previsto hab\u00eda riesgo de desplazamientos de laderas. Durante 2018 se realizaron campa\u00f1as geol\u00f3gicas para determinar la localizaci\u00f3n y modo de edificaci\u00f3n m\u00e1s seguros. As\u00ed, se determin\u00f3 que la hist\u00f3rica propuesta de Agua Mora quedaba descartada y que se construir\u00e1 una presa de hormig\u00f3n de gravedad HCR (hormig\u00f3n compactado con rodillos) en una zona conocida como El Imperial.<\/p>\n\n\n\n<p>En El Imperial est\u00e1 previsto construir una presa de 70 metros de altura, con una conducci\u00f3n en t\u00fanel de 15 kil\u00f3metros de longitud y un di\u00e1metro 5 metros, hasta la central El Baqueano, situada aguas arriba de la cola del embalse Los Reyunos.<\/p>\n\n\n\n<p>El aprovechamiento tendr\u00e1 varios componentes, cuyos c\u00e1lculos ya se han concretado: una Presa de Hormig\u00f3n Compactado a Rodillo (HCR) de 68 metros de altura con su correspondiente embalse, una obra de desv\u00edo del r\u00edo que se utilizar\u00e1 durante los trabajos, Obra de Toma, T\u00fanel de aducci\u00f3n de 13.8km, Chimenea de Equilibrio, Tuber\u00eda Forzada y Casa de M\u00e1quinas. El t\u00fanel trasladar\u00e1 el agua desde el embalse hasta las turbinas sin producir crecidas o bajadas bruscas de agua en el curso del r\u00edo.<\/p>\n\n\n\n<p>Su embalse tendr\u00e1 un per\u00edmetro de 25 kil\u00f3metros y podr\u00e1 almacenar 37.8 hm3 de agua de lluvia y de deshielo, lo que aumentar\u00e1 un 15% la capacidad de embalse del complejo del r\u00edo. La hidroel\u00e9ctrica aportar\u00e1 120 MW de potencia, para generar 450 GWh al a\u00f1o y abastecer de energ\u00eda a aproximadamente 60.000 hogares. Promover\u00e1 la creaci\u00f3n de 1000 puestos de empleo directo y cerca de 1.500 indirectos por servicios y obras asociadas.<\/p>\n\n\n\n<p>La obra tendr\u00e1 m\u00faltiples beneficios para la provincia: adem\u00e1s de crear m\u00e1s de 2500 puestos de trabajo directos e indirectos durante su ejecuci\u00f3n, ser\u00e1 capaz de producir 450 Gwh por a\u00f1o con una potencia instalada de 120 MW, que garantiza energ\u00eda para m\u00e1s de 60 mil hogares. Tambi\u00e9n crear\u00e1 un nuevo polo tur\u00edstico porque culminar\u00e1 la ruta del Ca\u00f1\u00f3n del R\u00edo Diamante hasta Agua del Toro, hoy cortada a la altura de Los Reyunos.<\/p>\n\n\n\n<p>FUENTE: Mendozapost.<\/p>\n","protected":false},"excerpt":{"rendered":"<p>El gobernador\u00a0Rodolfo Suarez\u00a0y el ministro de Econom\u00eda y Energ\u00eda\u00a0Enrique Vaqui\u00e9\u00a0participaron de la convocatoria p\u00fablica consultiva on line para conocer los detalles t\u00e9cnicos del aprovechamiento multiprop\u00f3sito\u00a0El Baqueano, en\u00a0San Rafael. Sobre el proyecto, el mandatario sostuvo que &#8220;es una empresa que va a tener una inversi\u00f3n de m\u00e1s de\u00a0500 millones de d\u00f3lares\u00a0con la particularidad de que tambi\u00e9n [&hellip;]<\/p>\n","protected":false},"author":2,"featured_media":1054,"comment_status":"open","ping_status":"open","sticky":true,"template":"","format":"standard","meta":[],"categories":[47],"tags":[],"_links":{"self":[{"href":"https:\/\/pasaenmendoza.com\/index.php?rest_route=\/wp\/v2\/posts\/1297"}],"collection":[{"href":"https:\/\/pasaenmendoza.com\/index.php?rest_route=\/wp\/v2\/posts"}],"about":[{"href":"https:\/\/pasaenmendoza.com\/index.php?rest_route=\/wp\/v2\/types\/post"}],"author":[{"embeddable":true,"href":"https:\/\/pasaenmendoza.com\/index.php?rest_route=\/wp\/v2\/users\/2"}],"replies":[{"embeddable":true,"href":"https:\/\/pasaenmendoza.com\/index.php?rest_route=%2Fwp%2Fv2%2Fcomments&post=1297"}],"version-history":[{"count":1,"href":"https:\/\/pasaenmendoza.com\/index.php?rest_route=\/wp\/v2\/posts\/1297\/revisions"}],"predecessor-version":[{"id":1298,"href":"https:\/\/pasaenmendoza.com\/index.php?rest_route=\/wp\/v2\/posts\/1297\/revisions\/1298"}],"wp:featuredmedia":[{"embeddable":true,"href":"https:\/\/pasaenmendoza.com\/index.php?rest_route=\/wp\/v2\/media\/1054"}],"wp:attachment":[{"href":"https:\/\/pasaenmendoza.com\/index.php?rest_route=%2Fwp%2Fv2%2Fmedia&parent=1297"}],"wp:term":[{"taxonomy":"category","embeddable":true,"href":"https:\/\/pasaenmendoza.com\/index.php?rest_route=%2Fwp%2Fv2%2Fcategories&post=1297"},{"taxonomy":"post_tag","embeddable":true,"href":"https:\/\/pasaenmendoza.com\/index.php?rest_route=%2Fwp%2Fv2%2Ftags&post=1297"}],"curies":[{"name":"wp","href":"https:\/\/api.w.org\/{rel}","templated":true}]}}