{"id":12970,"date":"2025-05-16T01:01:34","date_gmt":"2025-05-15T23:01:34","guid":{"rendered":"https:\/\/pasaenmendoza.com\/?p=12970"},"modified":"2025-05-16T01:01:35","modified_gmt":"2025-05-15T23:01:35","slug":"cornejo-presento-manso-destino-la-apuesta-de-mendoza-para-atraer-turistas-todo-el-ano","status":"publish","type":"post","link":"https:\/\/pasaenmendoza.com\/?p=12970","title":{"rendered":"Cornejo present\u00f3 \u201cManso destino\u201d, la apuesta de Mendoza para atraer turistas todo el a\u00f1o"},"content":{"rendered":"\n<p>Con la presencia del gobernador<strong>\u00a0Alfredo Cornejo<\/strong>,\u00a0la\u00a0<strong>vicegobernadora\u00a0Hebe Casado<\/strong>\u00a0y la presidenta del\u00a0<strong>Ente Mendoza Turismo (Emetur)<\/strong>,\u00a0<strong>Gabriela Testa<\/strong>, se present\u00f3 oficialmente la campa\u00f1a\u00a0<strong>\u201cMendoza, Manso Destino\u201d<\/strong>. El lanzamiento tuvo lugar en\u00a0<strong>La Enoteca<\/strong>\u00a0y reuni\u00f3 a diversas\u00a0<strong>autoridades provinciales del\u00a0sector tur\u00edstico<\/strong>.<\/p>\n\n\n\n<p>La iniciativa forma parte de una&nbsp;<strong>estrategia de comunicaci\u00f3n integral<\/strong>, pensada para m\u00faltiples plataformas y dirigida a&nbsp;<strong>audiencias nacionales e internacionales<\/strong>. El objetivo principal es reforzar la&nbsp;<strong>imagen de Mendoza<\/strong>&nbsp;como un&nbsp;<strong>destino atractivo, moderno y accesible<\/strong>&nbsp;durante todo el a\u00f1o.<\/p>\n\n\n\n<p>El concepto central gira en torno a la palabra\u00a0<strong>\u201cManso\u201d<\/strong>, utilizada en su forma\u00a0<strong>coloquial mendocina<\/strong>\u00a0para describir experiencias\u00a0<strong>incre\u00edbles, majestuosas, deslumbrantes o superiores<\/strong>. Esta\u00a0<strong>resignificaci\u00f3n<\/strong>\u00a0fue incluso incorporada en la nueva edici\u00f3n del\u00a0<strong>Diccionario del Habla de los Argentinos<\/strong>, lo que le da un sustento cultural al lema de campa\u00f1a.<\/p>\n\n\n\n<p>Durante la presentaci\u00f3n,\u00a0<strong>Cornejo<\/strong>\u00a0subray\u00f3 el esfuerzo sostenido de la provincia para mantenerse competitiva: \u201c<strong>Competimos en sectores altamente exigentes<\/strong>, como la\u00a0<strong>vitivinicultura<\/strong>\u00a0y el\u00a0<strong>turismo<\/strong>, que est\u00e1n entre los m\u00e1s competitivos del mundo\u201d. Adem\u00e1s, reconoci\u00f3 que\u00a0<strong>sostener ese crecimiento cuesta<\/strong>, especialmente ante una\u00a0<strong>competencia global creciente<\/strong>, aunque destac\u00f3 que \u201c<strong>en Mendoza hay actividades que funcionan muy bien independientemente del tipo de cambio<\/strong>, y eso es m\u00e9rito tanto del sector\u00a0<strong>p\u00fablico como privado<\/strong>\u201d.<\/p>\n\n\n\n<p>La campa\u00f1a se apoya tambi\u00e9n en&nbsp;<strong>dos personajes clave<\/strong>: el actor mendocino&nbsp;<strong>Mike Amigorena<\/strong>, quien aporta&nbsp;<strong>humor y ductilidad<\/strong>, y el ni\u00f1o cordob\u00e9s&nbsp;<strong>Fran Velardes<\/strong>, que encarna la figura del turista argentino que busca vivir&nbsp;<strong>experiencias \u00fanicas<\/strong>&nbsp;en Mendoza. Ambos refuerzan el car\u00e1cter&nbsp;<strong>descontracturado<\/strong>&nbsp;y&nbsp;<strong>emocional<\/strong>&nbsp;del mensaje.<\/p>\n\n\n\n<p>El spot publicitario utiliza como\u00a0<strong>banda sonora<\/strong>\u00a0el cl\u00e1sico\u00a0<strong>&#8220;La muralla verde&#8221;<\/strong>\u00a0de\u00a0<strong>Los Enanitos Verdes<\/strong>, una elecci\u00f3n que refuerza la\u00a0<strong>identidad mendocina<\/strong>\u00a0con una canci\u00f3n\u00a0<strong>transversal<\/strong>\u00a0a varias generaciones.<\/p>\n\n\n\n<p>Otro de los puntos fuertes es que toda la&nbsp;<strong>producci\u00f3n audiovisual<\/strong>&nbsp;fue realizada por un&nbsp;<strong>equipo 100% mendocino<\/strong>, con amplia experiencia t\u00e9cnica, lo que garantiza una&nbsp;<strong>calidad superior<\/strong>&nbsp;y pone en valor el&nbsp;<strong>talento local<\/strong>.<\/p>\n\n\n\n<p>En cuanto a su&nbsp;<strong>difusi\u00f3n<\/strong>, la campa\u00f1a tendr\u00e1&nbsp;<strong>presencia en televisi\u00f3n abierta<\/strong>, se\u00f1ales de&nbsp;<strong>TV satelital y por cable<\/strong>, especialmente en&nbsp;<strong>eventos deportivos y noticiosos<\/strong>&nbsp;de alto rating. Tambi\u00e9n se incorporar\u00e1 en&nbsp;<strong>radios l\u00edderes del pa\u00eds<\/strong>, con spots en franjas horarias de gran audiencia.<\/p>\n\n\n\n<p>El componente\u00a0<strong>digital<\/strong>\u00a0ser\u00e1 clave: la campa\u00f1a estar\u00e1 presente en los\u00a0<strong>siete principales portales de noticias del pa\u00eds<\/strong>, junto con una\u00a0<strong>landing page interactiva<\/strong>, enlazada a\u00a0<strong>www.mendoza.tur.ar<\/strong>, que incluye un\u00a0<strong>chat con inteligencia artificial<\/strong>\u00a0para guiar al visitante en su planificaci\u00f3n.<\/p>\n\n\n\n<p>Adem\u00e1s, habr\u00e1&nbsp;<strong>carteler\u00eda urbana<\/strong>&nbsp;de gran formato en puntos estrat\u00e9gicos de&nbsp;<strong>CABA, Vicente L\u00f3pez, San Isidro, Pilar, Tigre y Puerto Madero<\/strong>, as\u00ed como&nbsp;<strong>pantallas LED<\/strong>&nbsp;en ciudades como&nbsp;<strong>Santiago de Chile, R\u00edo de Janeiro, San Pablo, Vi\u00f1a del Mar<\/strong>&nbsp;y&nbsp;<strong>Valpara\u00edso<\/strong>.<\/p>\n\n\n\n<p>En&nbsp;<strong>aeropuertos clave<\/strong>&nbsp;como&nbsp;<strong>Ezeiza<\/strong>,&nbsp;<strong>Aeroparque<\/strong>, y los terminales internacionales de&nbsp;<strong>Santiago<\/strong>,&nbsp;<strong>R\u00edo de Janeiro<\/strong>&nbsp;y&nbsp;<strong>San Pablo<\/strong>, se desplegar\u00e1n&nbsp;<strong>soportes visuales<\/strong>&nbsp;de gran impacto. En&nbsp;<strong>Brasil<\/strong>, la campa\u00f1a tendr\u00e1 adem\u00e1s una&nbsp;<strong>adaptaci\u00f3n idiom\u00e1tica al portugu\u00e9s<\/strong>.<\/p>\n\n\n\n<p>Por \u00faltimo, la estrategia digital se potenciar\u00e1 a trav\u00e9s de&nbsp;<strong>Meta<\/strong>&nbsp;(Instagram y Facebook) y&nbsp;<strong>Google<\/strong>&nbsp;(YouTube, Display y buscadores), con&nbsp;<strong>segmentaci\u00f3n geogr\u00e1fica<\/strong>&nbsp;orientada a&nbsp;<strong>grandes capitales argentinas<\/strong>&nbsp;y ciudades con&nbsp;<strong>conectividad directa con Mendoza<\/strong>, como&nbsp;<strong>Lima, Panam\u00e1 y Paraguay<\/strong>.<\/p>\n\n\n\n<p>La campa\u00f1a\u00a0<strong>\u201cMendoza, Manso Destino\u201d<\/strong>\u00a0representa una\u00a0<strong>apuesta s\u00f3lida y creativa<\/strong>\u00a0para seguir posicionando a la provincia en el\u00a0<strong>mapa tur\u00edstico internacional<\/strong>, con una narrativa cercana, innovadora y profundamente arraigada en la\u00a0<strong>identidad local<\/strong>.<\/p>\n\n\n\n<p><strong>Fuente: www.diariomendoza.com.ar<\/strong><\/p>\n","protected":false},"excerpt":{"rendered":"<p>Con la presencia del gobernador\u00a0Alfredo Cornejo,\u00a0la\u00a0vicegobernadora\u00a0Hebe Casado\u00a0y la presidenta del\u00a0Ente Mendoza Turismo (Emetur),\u00a0Gabriela Testa, se present\u00f3 oficialmente la campa\u00f1a\u00a0\u201cMendoza, Manso Destino\u201d. El lanzamiento tuvo lugar en\u00a0La Enoteca\u00a0y reuni\u00f3 a diversas\u00a0autoridades provinciales del\u00a0sector tur\u00edstico. La iniciativa forma parte de una&nbsp;estrategia de comunicaci\u00f3n integral, pensada para m\u00faltiples plataformas y dirigida a&nbsp;audiencias nacionales e internacionales. El objetivo principal [&hellip;]<\/p>\n","protected":false},"author":2,"featured_media":12971,"comment_status":"open","ping_status":"open","sticky":false,"template":"","format":"standard","meta":[],"categories":[64],"tags":[],"_links":{"self":[{"href":"https:\/\/pasaenmendoza.com\/index.php?rest_route=\/wp\/v2\/posts\/12970"}],"collection":[{"href":"https:\/\/pasaenmendoza.com\/index.php?rest_route=\/wp\/v2\/posts"}],"about":[{"href":"https:\/\/pasaenmendoza.com\/index.php?rest_route=\/wp\/v2\/types\/post"}],"author":[{"embeddable":true,"href":"https:\/\/pasaenmendoza.com\/index.php?rest_route=\/wp\/v2\/users\/2"}],"replies":[{"embeddable":true,"href":"https:\/\/pasaenmendoza.com\/index.php?rest_route=%2Fwp%2Fv2%2Fcomments&post=12970"}],"version-history":[{"count":1,"href":"https:\/\/pasaenmendoza.com\/index.php?rest_route=\/wp\/v2\/posts\/12970\/revisions"}],"predecessor-version":[{"id":12972,"href":"https:\/\/pasaenmendoza.com\/index.php?rest_route=\/wp\/v2\/posts\/12970\/revisions\/12972"}],"wp:featuredmedia":[{"embeddable":true,"href":"https:\/\/pasaenmendoza.com\/index.php?rest_route=\/wp\/v2\/media\/12971"}],"wp:attachment":[{"href":"https:\/\/pasaenmendoza.com\/index.php?rest_route=%2Fwp%2Fv2%2Fmedia&parent=12970"}],"wp:term":[{"taxonomy":"category","embeddable":true,"href":"https:\/\/pasaenmendoza.com\/index.php?rest_route=%2Fwp%2Fv2%2Fcategories&post=12970"},{"taxonomy":"post_tag","embeddable":true,"href":"https:\/\/pasaenmendoza.com\/index.php?rest_route=%2Fwp%2Fv2%2Ftags&post=12970"}],"curies":[{"name":"wp","href":"https:\/\/api.w.org\/{rel}","templated":true}]}}