{"id":12973,"date":"2025-05-16T16:22:21","date_gmt":"2025-05-16T14:22:21","guid":{"rendered":"https:\/\/pasaenmendoza.com\/?p=12973"},"modified":"2025-05-16T16:22:22","modified_gmt":"2025-05-16T14:22:22","slug":"viernes-con-ascenso-de-la-temperatura-y-alerta-por-zonda-a-que-zonas-afectara","status":"publish","type":"post","link":"https:\/\/pasaenmendoza.com\/?p=12973","title":{"rendered":"Viernes con ascenso de la temperatura y alerta por Zonda: a qu\u00e9 zonas afectar\u00e1"},"content":{"rendered":"\n<p>El&nbsp;<strong>viernes<\/strong>&nbsp;arranca con cielo algo nublado y leve ascenso de la temperatura, vientos leves del noreste. Adem\u00e1s, se prev\u00e9 viento Zonda en Malarg\u00fce durante la tarde.&nbsp;<strong>La m\u00ednima ser\u00e1 de 11 grados y la m\u00e1xima llegar\u00e1 a los 25.<\/strong><\/p>\n\n\n\n<p>Para el\u00a0<strong>s\u00e1bado<\/strong>, el Servicio Meteorol\u00f3gico Nacional (SMN) emiti\u00f3 un\u00a0<strong>alerta amarilla por Zonda<\/strong>. El fen\u00f3meno ser\u00e1 de intensidad moderada a fuerte y afectar\u00e1 a todo el territorio provincial.\u00a0<strong>La m\u00ednima ser\u00e1 de 12 grados y la m\u00e1xima de 28.<\/strong><\/p>\n\n\n\n<p>El\u00a0<strong>domingo<\/strong>, la Direcci\u00f3n de Contingencias Clim\u00e1ticas, indica el ingreso de un frente fr\u00edo: \u201cCielo parcialmente nublado y ventoso con moderado descenso de la temperatura, vientos del sector sur\u201d.<strong>\u00a0La m\u00ednima ser\u00e1 de 11 grados y la m\u00e1xima de 18.<\/strong><\/p>\n\n\n\n<p><strong>Fuente: www.elsol.com.ar<\/strong><\/p>\n","protected":false},"excerpt":{"rendered":"<p>El&nbsp;viernes&nbsp;arranca con cielo algo nublado y leve ascenso de la temperatura, vientos leves del noreste. Adem\u00e1s, se prev\u00e9 viento Zonda en Malarg\u00fce durante la tarde.&nbsp;La m\u00ednima ser\u00e1 de 11 grados y la m\u00e1xima llegar\u00e1 a los 25. Para el\u00a0s\u00e1bado, el Servicio Meteorol\u00f3gico Nacional (SMN) emiti\u00f3 un\u00a0alerta amarilla por Zonda. El fen\u00f3meno ser\u00e1 de intensidad moderada [&hellip;]<\/p>\n","protected":false},"author":2,"featured_media":12974,"comment_status":"open","ping_status":"open","sticky":false,"template":"","format":"standard","meta":[],"categories":[46,52],"tags":[],"_links":{"self":[{"href":"https:\/\/pasaenmendoza.com\/index.php?rest_route=\/wp\/v2\/posts\/12973"}],"collection":[{"href":"https:\/\/pasaenmendoza.com\/index.php?rest_route=\/wp\/v2\/posts"}],"about":[{"href":"https:\/\/pasaenmendoza.com\/index.php?rest_route=\/wp\/v2\/types\/post"}],"author":[{"embeddable":true,"href":"https:\/\/pasaenmendoza.com\/index.php?rest_route=\/wp\/v2\/users\/2"}],"replies":[{"embeddable":true,"href":"https:\/\/pasaenmendoza.com\/index.php?rest_route=%2Fwp%2Fv2%2Fcomments&post=12973"}],"version-history":[{"count":1,"href":"https:\/\/pasaenmendoza.com\/index.php?rest_route=\/wp\/v2\/posts\/12973\/revisions"}],"predecessor-version":[{"id":12975,"href":"https:\/\/pasaenmendoza.com\/index.php?rest_route=\/wp\/v2\/posts\/12973\/revisions\/12975"}],"wp:featuredmedia":[{"embeddable":true,"href":"https:\/\/pasaenmendoza.com\/index.php?rest_route=\/wp\/v2\/media\/12974"}],"wp:attachment":[{"href":"https:\/\/pasaenmendoza.com\/index.php?rest_route=%2Fwp%2Fv2%2Fmedia&parent=12973"}],"wp:term":[{"taxonomy":"category","embeddable":true,"href":"https:\/\/pasaenmendoza.com\/index.php?rest_route=%2Fwp%2Fv2%2Fcategories&post=12973"},{"taxonomy":"post_tag","embeddable":true,"href":"https:\/\/pasaenmendoza.com\/index.php?rest_route=%2Fwp%2Fv2%2Ftags&post=12973"}],"curies":[{"name":"wp","href":"https:\/\/api.w.org\/{rel}","templated":true}]}}