{"id":12976,"date":"2025-05-16T16:32:40","date_gmt":"2025-05-16T14:32:40","guid":{"rendered":"https:\/\/pasaenmendoza.com\/?p=12976"},"modified":"2025-05-16T16:32:41","modified_gmt":"2025-05-16T14:32:41","slug":"no-encontraron-material-genetico-en-la-ropa-del-nino-que-denuncio-abuso-en-la-escuela-cartellone","status":"publish","type":"post","link":"https:\/\/pasaenmendoza.com\/?p=12976","title":{"rendered":"No encontraron material gen\u00e9tico en la ropa del ni\u00f1o que denunci\u00f3 abuso en la escuela Cartellone"},"content":{"rendered":"\n<p>El\u00a0<strong>Ministerio P\u00fablico Fiscal<\/strong>\u00a0comunic\u00f3 este jueves por la noche que el\u00a0<strong>celador<\/strong>\u00a0de la\u00a0<strong>escuela Jos\u00e9 Cartellone de Guaymall\u00e9n<\/strong>\u00a0seguir\u00e1\u00a0<strong>detenido<\/strong>\u00a0en la investigaci\u00f3n por un\u00a0<strong>presunto abuso sexual contra un alumno de primer grado<\/strong>. Pero\u00a0<strong>un informe preliminar del Cuerpo M\u00e9dico Forense determin\u00f3 que no se hall\u00f3 material gen\u00e9tico en la vestimenta del ni\u00f1o.<\/strong><\/p>\n\n\n\n<p>El caso gener\u00f3 conmoci\u00f3n y\u00a0un fuerte reclamo\u00a0por parte de los padres en las puertas de la escuela ubicada en El Bermejo. En principio, una versi\u00f3n dio cuenta que en las prendas de vestir del chico hab\u00eda semen. Sin embargo, la informaci\u00f3n que dio el Ministerio P\u00fablico Fiscal en base al informe de los peritos contrari\u00f3 ese dato.<\/p>\n\n\n\n<p>Mientras el alumno de primer grado ya fue atendido por personal del Hospital Notti, como parte de la instancia de recolecci\u00f3n de pruebas el CMF avanz\u00f3 con las primeras pericias.<\/p>\n\n\n\n<p><strong>El resultado fue negativo.<\/strong><\/p>\n\n\n\n<p>\u201c<em><strong>Desde el Cuerpo M\u00e9dico Forense ha sido posible obtener un adelanto preliminar del resultado, en cuyo informe se indica que no se ha hallado ning\u00fan tipo de material gen\u00e9tico que indique evidencia alguna con ning\u00fan sospechoso<\/strong><\/em>\u201c, informaron.<\/p>\n\n\n\n<p>Desde el MPF indicaron que,&nbsp;<strong>una vez que se cumplan todas las etapas de la recolecci\u00f3n de pruebas y evidencias, se definir\u00e1 si el sospechoso, el celador ser\u00e1 imputado o no.<\/strong><\/p>\n\n\n\n<p>El MPF aclar\u00f3 que la situaci\u00f3n procesal se terminar\u00e1 de resolver en los pr\u00f3ximos d\u00edas, prorrogando la imputaci\u00f3n, hasta tanto se cuente con la totalidad de las evidencias, seg\u00fan la legislaci\u00f3n vigente.<\/p>\n\n\n\n<p><strong>Entre los informes que se esperan de los organismos intervinientes y especializados para estos casos, est\u00e1 el del Programa Provincial de Maltrato Infantil (PPMI).<\/strong><\/p>\n\n\n\n<p>El presunto abuso se conoci\u00f3 este mi\u00e9rcoles, cuando padres de los alumnos se concentraron frente a la escuela, cuando se enteraron del presunto abuso. Ese d\u00eda el ni\u00f1o no tuvo clases porque su docente se ausent\u00f3 y fue llevado a la direcci\u00f3n. La situaci\u00f3n salt\u00f3 en la casa del menor.<\/p>\n\n\n\n<p><strong>Fuente: www.elsol.com.ar<\/strong><\/p>\n","protected":false},"excerpt":{"rendered":"<p>El\u00a0Ministerio P\u00fablico Fiscal\u00a0comunic\u00f3 este jueves por la noche que el\u00a0celador\u00a0de la\u00a0escuela Jos\u00e9 Cartellone de Guaymall\u00e9n\u00a0seguir\u00e1\u00a0detenido\u00a0en la investigaci\u00f3n por un\u00a0presunto abuso sexual contra un alumno de primer grado. Pero\u00a0un informe preliminar del Cuerpo M\u00e9dico Forense determin\u00f3 que no se hall\u00f3 material gen\u00e9tico en la vestimenta del ni\u00f1o. El caso gener\u00f3 conmoci\u00f3n y\u00a0un fuerte reclamo\u00a0por parte de [&hellip;]<\/p>\n","protected":false},"author":2,"featured_media":12977,"comment_status":"open","ping_status":"open","sticky":false,"template":"","format":"standard","meta":[],"categories":[48],"tags":[],"_links":{"self":[{"href":"https:\/\/pasaenmendoza.com\/index.php?rest_route=\/wp\/v2\/posts\/12976"}],"collection":[{"href":"https:\/\/pasaenmendoza.com\/index.php?rest_route=\/wp\/v2\/posts"}],"about":[{"href":"https:\/\/pasaenmendoza.com\/index.php?rest_route=\/wp\/v2\/types\/post"}],"author":[{"embeddable":true,"href":"https:\/\/pasaenmendoza.com\/index.php?rest_route=\/wp\/v2\/users\/2"}],"replies":[{"embeddable":true,"href":"https:\/\/pasaenmendoza.com\/index.php?rest_route=%2Fwp%2Fv2%2Fcomments&post=12976"}],"version-history":[{"count":1,"href":"https:\/\/pasaenmendoza.com\/index.php?rest_route=\/wp\/v2\/posts\/12976\/revisions"}],"predecessor-version":[{"id":12978,"href":"https:\/\/pasaenmendoza.com\/index.php?rest_route=\/wp\/v2\/posts\/12976\/revisions\/12978"}],"wp:featuredmedia":[{"embeddable":true,"href":"https:\/\/pasaenmendoza.com\/index.php?rest_route=\/wp\/v2\/media\/12977"}],"wp:attachment":[{"href":"https:\/\/pasaenmendoza.com\/index.php?rest_route=%2Fwp%2Fv2%2Fmedia&parent=12976"}],"wp:term":[{"taxonomy":"category","embeddable":true,"href":"https:\/\/pasaenmendoza.com\/index.php?rest_route=%2Fwp%2Fv2%2Fcategories&post=12976"},{"taxonomy":"post_tag","embeddable":true,"href":"https:\/\/pasaenmendoza.com\/index.php?rest_route=%2Fwp%2Fv2%2Ftags&post=12976"}],"curies":[{"name":"wp","href":"https:\/\/api.w.org\/{rel}","templated":true}]}}